{"id":1014,"date":"2015-05-06T20:05:13","date_gmt":"2015-05-06T19:05:13","guid":{"rendered":"http:\/\/aeroclub-abbeville.fr\/?p=1014"},"modified":"2015-05-07T17:56:04","modified_gmt":"2015-05-07T16:56:04","slug":"sur-les-traces-de-phileas-fog","status":"publish","type":"post","link":"http:\/\/aeroclub-abbeville.fr\/?p=1014","title":{"rendered":"Sur les traces de Phil\u00e9as Fog"},"content":{"rendered":"<p>Vous connaissez sans doute <strong>Vincent Moisson<\/strong> ? Il vient souvent nous rendre visite \u00e0 Abbeville \u00e0 bord de son Piper J3 jaune bas\u00e9 au Tr\u00e9port.<\/p>\n<p><a href=\"http:\/\/aeroclub-abbeville.fr\/wp-content\/uploads\/2015\/05\/Vincentmoisson.jpg\"><img fetchpriority=\"high\" decoding=\"async\" class=\"aligncenter wp-image-1021 size-medium\" src=\"http:\/\/aeroclub-abbeville.fr\/wp-content\/uploads\/2015\/05\/Vincentmoisson-480x340.jpg\" alt=\"Vincentmoisson\" width=\"480\" height=\"340\" srcset=\"http:\/\/aeroclub-abbeville.fr\/wp-content\/uploads\/2015\/05\/Vincentmoisson-480x340.jpg 480w, http:\/\/aeroclub-abbeville.fr\/wp-content\/uploads\/2015\/05\/Vincentmoisson-624x442.jpg 624w, http:\/\/aeroclub-abbeville.fr\/wp-content\/uploads\/2015\/05\/Vincentmoisson.jpg 634w\" sizes=\"(max-width: 480px) 100vw, 480px\" \/><\/a>Dans quelques jours il s\u2019appr\u00eate \u00e0 partir pour un tour du monde \u00e0 bord d&rsquo;un avion <strong>Dyn Aero MCR-4S<\/strong> en compagnie d&rsquo;un\u00a0 ami. Les deux pilotes ont pr\u00e9par\u00e9 leur p\u00e9riple depuis de longs mois et le d\u00e9part est pr\u00e9vu pour ce <strong>vendredi 8 mai<\/strong> de l&rsquo;a\u00e9roport de Nantes-Atlantique.<\/p>\n<p><!--more-->Fid\u00e8les \u00e0 l&rsquo;esprit du \u00ab Tour du Monde en 80 jours \u00bb, les 2 pilotes s&rsquo;efforceront de suivre le parcours de Phileas Fogg, h\u00e9ros du roman, en passant par les principales villes \u00e9voqu\u00e9es par Jules Verne : Suez, Bombay, Hong-Kong, San Francisco, New York, Londres, Paris&#8230; soit environ 45 000 km, d\u2019ouest en est. Ils essayeront aussi de r\u00e9aliser un temps de vol inf\u00e9rieur au temps du dernier record du Troph\u00e9e Jules Verne (Edition 2012), d\u00e9tenu par le navigateur Lo\u00efc PEYRON, qui est de 45 jours 13H, 42min, 53s.<\/p>\n<p>Rendez-vous sur le <a href=\"http:\/\/surlestracesdephileasfogg.eklablog.com\/\">site d\u00e9di\u00e9<\/a> pour conna\u00eetre le d\u00e9tail du projet et suivre le parcours au jour le jour.<\/p>\n<p>Il est possible \u00e9galement de suivre les vols et de les rejouer sur simulateur sur le site <a href=\"http:\/\/www.cgoa.info\/Vols-en-reseau\/the-jules-verne-world-air-tour%20 \">http:\/\/www.cgoa.info\/Vols-en-reseau\/the-jules-verne-world-air-tour<\/a><\/p>\n<p>Arriv\u00e9e pr\u00e9vue au Bourget le <strong>samedi 20 juin<\/strong><\/p>\n","protected":false},"excerpt":{"rendered":"<p>Vous connaissez sans doute Vincent Moisson ? Il vient souvent nous rendre visite \u00e0 Abbeville \u00e0 bord de son Piper J3 jaune bas\u00e9 au Tr\u00e9port. Dans quelques jours il s\u2019appr\u00eate \u00e0 partir pour un tour du monde \u00e0 bord d&rsquo;un avion Dyn Aero MCR-4S en compagnie d&rsquo;un\u00a0 ami. Les deux pilotes ont pr\u00e9par\u00e9 leur p\u00e9riple [&hellip;]<\/p>\n","protected":false},"author":2,"featured_media":0,"comment_status":"open","ping_status":"open","sticky":false,"template":"","format":"standard","meta":{"inline_featured_image":false,"footnotes":""},"categories":[20,2,31],"tags":[],"class_list":["post-1014","post","type-post","status-publish","format-standard","hentry","category-actualites","category-avion","category-voyages"],"_links":{"self":[{"href":"http:\/\/aeroclub-abbeville.fr\/index.php?rest_route=\/wp\/v2\/posts\/1014","targetHints":{"allow":["GET"]}}],"collection":[{"href":"http:\/\/aeroclub-abbeville.fr\/index.php?rest_route=\/wp\/v2\/posts"}],"about":[{"href":"http:\/\/aeroclub-abbeville.fr\/index.php?rest_route=\/wp\/v2\/types\/post"}],"author":[{"embeddable":true,"href":"http:\/\/aeroclub-abbeville.fr\/index.php?rest_route=\/wp\/v2\/users\/2"}],"replies":[{"embeddable":true,"href":"http:\/\/aeroclub-abbeville.fr\/index.php?rest_route=%2Fwp%2Fv2%2Fcomments&post=1014"}],"version-history":[{"count":6,"href":"http:\/\/aeroclub-abbeville.fr\/index.php?rest_route=\/wp\/v2\/posts\/1014\/revisions"}],"predecessor-version":[{"id":1022,"href":"http:\/\/aeroclub-abbeville.fr\/index.php?rest_route=\/wp\/v2\/posts\/1014\/revisions\/1022"}],"wp:attachment":[{"href":"http:\/\/aeroclub-abbeville.fr\/index.php?rest_route=%2Fwp%2Fv2%2Fmedia&parent=1014"}],"wp:term":[{"taxonomy":"category","embeddable":true,"href":"http:\/\/aeroclub-abbeville.fr\/index.php?rest_route=%2Fwp%2Fv2%2Fcategories&post=1014"},{"taxonomy":"post_tag","embeddable":true,"href":"http:\/\/aeroclub-abbeville.fr\/index.php?rest_route=%2Fwp%2Fv2%2Ftags&post=1014"}],"curies":[{"name":"wp","href":"https:\/\/api.w.org\/{rel}","templated":true}]}}