{"id":1037,"date":"2015-05-26T09:41:25","date_gmt":"2015-05-26T08:41:25","guid":{"rendered":"http:\/\/aeroclub-abbeville.fr\/?p=1037"},"modified":"2015-06-01T18:06:40","modified_gmt":"2015-06-01T17:06:40","slug":"concours-interregional-compiegne-2015","status":"publish","type":"post","link":"http:\/\/aeroclub-abbeville.fr\/?p=1037","title":{"rendered":"concours interr\u00e9gional Compi\u00e8gne 2015"},"content":{"rendered":"<p><a href=\"http:\/\/aeroclub-abbeville.fr\/wp-content\/uploads\/2015\/05\/Compi\u00e8gne_2.jpg\"><img fetchpriority=\"high\" decoding=\"async\" class=\"size-medium wp-image-1040 aligncenter\" src=\"http:\/\/aeroclub-abbeville.fr\/wp-content\/uploads\/2015\/05\/Compi\u00e8gne_2-480x264.jpg\" alt=\"Compi\u00e8gne_2\" width=\"480\" height=\"264\" srcset=\"http:\/\/aeroclub-abbeville.fr\/wp-content\/uploads\/2015\/05\/Compi\u00e8gne_2-480x264.jpg 480w, http:\/\/aeroclub-abbeville.fr\/wp-content\/uploads\/2015\/05\/Compi\u00e8gne_2-624x343.jpg 624w, http:\/\/aeroclub-abbeville.fr\/wp-content\/uploads\/2015\/05\/Compi\u00e8gne_2.jpg 960w\" sizes=\"(max-width: 480px) 100vw, 480px\" \/><\/a><\/p>\n<p>Six pilotes Abbevillois repr\u00e9sentaient fi\u00e8rement leurs clubs lors du 33\u00e8me championnat interr\u00e9gional Nord Pas de Calais Picardie de vol \u00e0 voile!<br \/>\nMalgr\u00e8s une m\u00e9t\u00e8o peu avantageuse pour le planeur deux belles \u00e9preuves ont tout de m\u00eame eu lieu.<br \/>\nLors de la premi\u00e8re \u00e9preuve,Mathieu Caudrelier a tr\u00e8s bien tourn\u00e9 se classant \u00e0 la troisi\u00e8me place.<br \/>\nPour la seconde \u00e9preuve,c&rsquo;est encore les Abbevillois qui se sont fait remarquer! En effet Suzanne Caudrelier finit 1\u00e8re de l&rsquo;\u00e9preuve suivi de tr\u00e8s pr\u00e8s par son p\u00e8re Olivier Caudrelier!<br \/>\nMalgr\u00e8s les tr\u00e8s bons r\u00e9sultats nous ne retrouvons pas d&rsquo;abbevillois sur la plus haute marche du podium mais Olivier monte tout de m\u00eame sur la deuxi\u00e8me marche.<br \/>\nSuzanne termine \u00e0 la 6\u00e8me place suivie par Victor Roussel \u00e0 la 8\u00e8me place puis Thibault Dugardin \u00e0 la 11\u00e8me place nous retrouvons par la suite Fr\u00e9d\u00e8ric Peignot et ses \u00e9l\u00e8ves (julien et louis) en Janus \u00e0 la 15\u00e8me place et enfin Mathieu Caudrelier \u00e0 la 17\u00e8me place.<\/p>\n<p>Un grand merci \u00e0 tous les concurrents pour la bonne ambiance et \u00e0 l&rsquo;\u00e9quipe de Compi\u00e8gne pour l&rsquo;organisation !<\/p>\n","protected":false},"excerpt":{"rendered":"<p>Six pilotes Abbevillois repr\u00e9sentaient fi\u00e8rement leurs clubs lors du 33\u00e8me championnat interr\u00e9gional Nord Pas de Calais Picardie de vol \u00e0 voile! Malgr\u00e8s une m\u00e9t\u00e8o peu avantageuse pour le planeur deux belles \u00e9preuves ont tout de m\u00eame eu lieu. Lors de la premi\u00e8re \u00e9preuve,Mathieu Caudrelier a tr\u00e8s bien tourn\u00e9 se classant \u00e0 la troisi\u00e8me place. Pour [&hellip;]<\/p>\n","protected":false},"author":4,"featured_media":0,"comment_status":"open","ping_status":"open","sticky":false,"template":"","format":"standard","meta":{"inline_featured_image":false,"footnotes":""},"categories":[4,1,13,14,19],"tags":[],"class_list":["post-1037","post","type-post","status-publish","format-standard","hentry","category-competitions","category-non-classe","category-planeur","category-presse","category-vol-a-voile"],"_links":{"self":[{"href":"http:\/\/aeroclub-abbeville.fr\/index.php?rest_route=\/wp\/v2\/posts\/1037","targetHints":{"allow":["GET"]}}],"collection":[{"href":"http:\/\/aeroclub-abbeville.fr\/index.php?rest_route=\/wp\/v2\/posts"}],"about":[{"href":"http:\/\/aeroclub-abbeville.fr\/index.php?rest_route=\/wp\/v2\/types\/post"}],"author":[{"embeddable":true,"href":"http:\/\/aeroclub-abbeville.fr\/index.php?rest_route=\/wp\/v2\/users\/4"}],"replies":[{"embeddable":true,"href":"http:\/\/aeroclub-abbeville.fr\/index.php?rest_route=%2Fwp%2Fv2%2Fcomments&post=1037"}],"version-history":[{"count":4,"href":"http:\/\/aeroclub-abbeville.fr\/index.php?rest_route=\/wp\/v2\/posts\/1037\/revisions"}],"predecessor-version":[{"id":1043,"href":"http:\/\/aeroclub-abbeville.fr\/index.php?rest_route=\/wp\/v2\/posts\/1037\/revisions\/1043"}],"wp:attachment":[{"href":"http:\/\/aeroclub-abbeville.fr\/index.php?rest_route=%2Fwp%2Fv2%2Fmedia&parent=1037"}],"wp:term":[{"taxonomy":"category","embeddable":true,"href":"http:\/\/aeroclub-abbeville.fr\/index.php?rest_route=%2Fwp%2Fv2%2Fcategories&post=1037"},{"taxonomy":"post_tag","embeddable":true,"href":"http:\/\/aeroclub-abbeville.fr\/index.php?rest_route=%2Fwp%2Fv2%2Ftags&post=1037"}],"curies":[{"name":"wp","href":"https:\/\/api.w.org\/{rel}","templated":true}]}}