{"id":1044,"date":"2015-06-01T18:15:48","date_gmt":"2015-06-01T17:15:48","guid":{"rendered":"http:\/\/aeroclub-abbeville.fr\/?p=1044"},"modified":"2015-06-01T18:19:59","modified_gmt":"2015-06-01T17:19:59","slug":"notre-janus-est-a-4000-m","status":"publish","type":"post","link":"http:\/\/aeroclub-abbeville.fr\/?p=1044","title":{"rendered":"Notre Janus est \u00e0 4000 m"},"content":{"rendered":"<p>Notre Janus est en vente et pour le faire essayer plus facilement aux clubs du sud, des pilotes Abbevillois l&rsquo;on emmen\u00e9 sur la plateforme de Montdauphin &#8211; Saint Cr\u00e9pin. C&rsquo;est dans les Alpes du Sud \u00e0 quelques kms du massif des Ecrins.<\/p>\n<p><a href=\"http:\/\/aeroclub-abbeville.fr\/wp-content\/uploads\/2015\/06\/st_cr\u00e9pin_1.jpg\"><img fetchpriority=\"high\" decoding=\"async\" class=\"size-medium wp-image-1045 aligncenter\" src=\"http:\/\/aeroclub-abbeville.fr\/wp-content\/uploads\/2015\/06\/st_cr\u00e9pin_1-480x270.jpg\" alt=\"st_cr\u00e9pin_1\" width=\"480\" height=\"270\" srcset=\"http:\/\/aeroclub-abbeville.fr\/wp-content\/uploads\/2015\/06\/st_cr\u00e9pin_1-480x270.jpg 480w, http:\/\/aeroclub-abbeville.fr\/wp-content\/uploads\/2015\/06\/st_cr\u00e9pin_1-624x351.jpg 624w, http:\/\/aeroclub-abbeville.fr\/wp-content\/uploads\/2015\/06\/st_cr\u00e9pin_1.jpg 960w\" sizes=\"(max-width: 480px) 100vw, 480px\" \/><\/a><\/p>\n<p>La m\u00e9t\u00e9o a \u00e9t\u00e9 particuli\u00e8rement cl\u00e9mente et l&rsquo;on a pu v\u00e9rifier qu&rsquo;il volait parfaitement dans l&rsquo;air rarifi\u00e9 jusqu&rsquo;\u00e0 4000m.\u00a0 On a \u00e9galement test\u00e9 son efficacit\u00e9 sur de grand vol et ses qualit\u00e9s de vol en turbulence. Que nos futurs acheteurs soient rassur\u00e9s, tous ces tests on d\u00e9montr\u00e9 sa parfaite ad\u00e9quation \u00e0 la pratique du vol \u00e0 voile en montagne.<\/p>\n<p><a href=\"http:\/\/aeroclub-abbeville.fr\/wp-content\/uploads\/2015\/06\/st_cr\u00e9pin_3.jpg\"><img decoding=\"async\" class=\"size-medium wp-image-1047 aligncenter\" src=\"http:\/\/aeroclub-abbeville.fr\/wp-content\/uploads\/2015\/06\/st_cr\u00e9pin_3-480x270.jpg\" alt=\"st_cr\u00e9pin_3\" width=\"480\" height=\"270\" srcset=\"http:\/\/aeroclub-abbeville.fr\/wp-content\/uploads\/2015\/06\/st_cr\u00e9pin_3-480x270.jpg 480w, http:\/\/aeroclub-abbeville.fr\/wp-content\/uploads\/2015\/06\/st_cr\u00e9pin_3-1024x576.jpg 1024w, http:\/\/aeroclub-abbeville.fr\/wp-content\/uploads\/2015\/06\/st_cr\u00e9pin_3-624x351.jpg 624w, http:\/\/aeroclub-abbeville.fr\/wp-content\/uploads\/2015\/06\/st_cr\u00e9pin_3.jpg 1280w\" sizes=\"(max-width: 480px) 100vw, 480px\" \/><\/a><\/p>\n<p>Afin de v\u00e9rifier si l&rsquo;on peut le vendre \u00e0 l&rsquo;export, nous devrions\u00a0 peut-\u00eatre v\u00e9rifier qu&rsquo;il vole aussi bien dans les Andes, ou en Australie. Acheteurs \u00e9trangers contactez-nous.<\/p>\n","protected":false},"excerpt":{"rendered":"<p>Notre Janus est en vente et pour le faire essayer plus facilement aux clubs du sud, des pilotes Abbevillois l&rsquo;on emmen\u00e9 sur la plateforme de Montdauphin &#8211; Saint Cr\u00e9pin. C&rsquo;est dans les Alpes du Sud \u00e0 quelques kms du massif des Ecrins. La m\u00e9t\u00e9o a \u00e9t\u00e9 particuli\u00e8rement cl\u00e9mente et l&rsquo;on a pu v\u00e9rifier qu&rsquo;il volait [&hellip;]<\/p>\n","protected":false},"author":67,"featured_media":0,"comment_status":"open","ping_status":"open","sticky":false,"template":"","format":"standard","meta":{"inline_featured_image":false,"footnotes":""},"categories":[1,13,19],"tags":[],"class_list":["post-1044","post","type-post","status-publish","format-standard","hentry","category-non-classe","category-planeur","category-vol-a-voile"],"_links":{"self":[{"href":"http:\/\/aeroclub-abbeville.fr\/index.php?rest_route=\/wp\/v2\/posts\/1044","targetHints":{"allow":["GET"]}}],"collection":[{"href":"http:\/\/aeroclub-abbeville.fr\/index.php?rest_route=\/wp\/v2\/posts"}],"about":[{"href":"http:\/\/aeroclub-abbeville.fr\/index.php?rest_route=\/wp\/v2\/types\/post"}],"author":[{"embeddable":true,"href":"http:\/\/aeroclub-abbeville.fr\/index.php?rest_route=\/wp\/v2\/users\/67"}],"replies":[{"embeddable":true,"href":"http:\/\/aeroclub-abbeville.fr\/index.php?rest_route=%2Fwp%2Fv2%2Fcomments&post=1044"}],"version-history":[{"count":3,"href":"http:\/\/aeroclub-abbeville.fr\/index.php?rest_route=\/wp\/v2\/posts\/1044\/revisions"}],"predecessor-version":[{"id":1050,"href":"http:\/\/aeroclub-abbeville.fr\/index.php?rest_route=\/wp\/v2\/posts\/1044\/revisions\/1050"}],"wp:attachment":[{"href":"http:\/\/aeroclub-abbeville.fr\/index.php?rest_route=%2Fwp%2Fv2%2Fmedia&parent=1044"}],"wp:term":[{"taxonomy":"category","embeddable":true,"href":"http:\/\/aeroclub-abbeville.fr\/index.php?rest_route=%2Fwp%2Fv2%2Fcategories&post=1044"},{"taxonomy":"post_tag","embeddable":true,"href":"http:\/\/aeroclub-abbeville.fr\/index.php?rest_route=%2Fwp%2Fv2%2Ftags&post=1044"}],"curies":[{"name":"wp","href":"https:\/\/api.w.org\/{rel}","templated":true}]}}