{"id":1058,"date":"2015-06-22T18:48:05","date_gmt":"2015-06-22T17:48:05","guid":{"rendered":"http:\/\/aeroclub-abbeville.fr\/?p=1058"},"modified":"2015-07-11T07:05:54","modified_gmt":"2015-07-11T06:05:54","slug":"lask13-nouveau-planeur-et-retour-aux-sources","status":"publish","type":"post","link":"http:\/\/aeroclub-abbeville.fr\/?p=1058","title":{"rendered":"L&rsquo;Ask13, nouveau planeur et retour aux sources"},"content":{"rendered":"<p>Un nouveau planeur \u00e9volue dans le ciel d&rsquo;Abbeville.Nous avons vendu notre Janus au club de Saint R\u00e9my de Provence et en \u00e9change avons achet\u00e9 un de leurs Ask13. Le Janus devrait \u00eatre remplac\u00e9 prochainement par un Duo Discus pour l&rsquo;\u00e9cole campagne et la comp\u00e9tition. Les anciens se souviennent que l&rsquo;Ask13 a \u00e9t\u00e9 le biplace \u00e9cole principal depuis la recr\u00e9ation de la section vol \u00e0 voile en 1973 jusqu&rsquo;en 2001.<\/p>\n<p><a href=\"http:\/\/aeroclub-abbeville.fr\/wp-content\/uploads\/2015\/06\/Ask13_1.jpg\"><img fetchpriority=\"high\" decoding=\"async\" class=\"size-medium wp-image-1059 aligncenter\" src=\"http:\/\/aeroclub-abbeville.fr\/wp-content\/uploads\/2015\/06\/Ask13_1-480x360.jpg\" alt=\"Ask13_1\" width=\"480\" height=\"360\" srcset=\"http:\/\/aeroclub-abbeville.fr\/wp-content\/uploads\/2015\/06\/Ask13_1-480x360.jpg 480w, http:\/\/aeroclub-abbeville.fr\/wp-content\/uploads\/2015\/06\/Ask13_1-624x468.jpg 624w, http:\/\/aeroclub-abbeville.fr\/wp-content\/uploads\/2015\/06\/Ask13_1.jpg 960w\" sizes=\"(max-width: 480px) 100vw, 480px\" \/><\/a> Il a form\u00e9 des g\u00e9n\u00e9rations de pilotes. Tous ont appr\u00e9ci\u00e9, sa facilit\u00e9 de pilotage, l&rsquo;homog\u00e9n\u00e9it\u00e9 de ses commandes, sa capacit\u00e9 \u00e0 accrocher dans les plus petites ascendances. Comme certaines voitures ou avions mythiques l&rsquo;Ask 13 est une machine parfaite dans sa cat\u00e9gorie. Nous pensons qu&rsquo;il s&rsquo;int\u00e9grera tr\u00e8s bien dans le parc en tant que biplace de d\u00e9but, machine de balade entre copains et machine de vols d&rsquo;initiation. Certains trouveront sa peinture color\u00e9e tr\u00e8s r\u00e9ussie, elle a au moins la caract\u00e9ristique d&rsquo;\u00eatre voyante ce qui est primordial pour la s\u00e9curit\u00e9. En esp\u00e9rant que de nombreux pilotes viendront l&rsquo;essayer ou se souvenir de la machine de leur d\u00e9but.<\/p>\n","protected":false},"excerpt":{"rendered":"<p>Un nouveau planeur \u00e9volue dans le ciel d&rsquo;Abbeville.Nous avons vendu notre Janus au club de Saint R\u00e9my de Provence et en \u00e9change avons achet\u00e9 un de leurs Ask13. Le Janus devrait \u00eatre remplac\u00e9 prochainement par un Duo Discus pour l&rsquo;\u00e9cole campagne et la comp\u00e9tition. Les anciens se souviennent que l&rsquo;Ask13 a \u00e9t\u00e9 le biplace \u00e9cole [&hellip;]<\/p>\n","protected":false},"author":67,"featured_media":0,"comment_status":"open","ping_status":"open","sticky":false,"template":"","format":"standard","meta":{"inline_featured_image":false,"footnotes":""},"categories":[8,13,19],"tags":[46,43,45,44],"class_list":["post-1058","post","type-post","status-publish","format-standard","hentry","category-formation_planeur","category-planeur","category-vol-a-voile","tag-acquisition","tag-ask-13","tag-parc","tag-planeur-2"],"_links":{"self":[{"href":"http:\/\/aeroclub-abbeville.fr\/index.php?rest_route=\/wp\/v2\/posts\/1058","targetHints":{"allow":["GET"]}}],"collection":[{"href":"http:\/\/aeroclub-abbeville.fr\/index.php?rest_route=\/wp\/v2\/posts"}],"about":[{"href":"http:\/\/aeroclub-abbeville.fr\/index.php?rest_route=\/wp\/v2\/types\/post"}],"author":[{"embeddable":true,"href":"http:\/\/aeroclub-abbeville.fr\/index.php?rest_route=\/wp\/v2\/users\/67"}],"replies":[{"embeddable":true,"href":"http:\/\/aeroclub-abbeville.fr\/index.php?rest_route=%2Fwp%2Fv2%2Fcomments&post=1058"}],"version-history":[{"count":4,"href":"http:\/\/aeroclub-abbeville.fr\/index.php?rest_route=\/wp\/v2\/posts\/1058\/revisions"}],"predecessor-version":[{"id":1108,"href":"http:\/\/aeroclub-abbeville.fr\/index.php?rest_route=\/wp\/v2\/posts\/1058\/revisions\/1108"}],"wp:attachment":[{"href":"http:\/\/aeroclub-abbeville.fr\/index.php?rest_route=%2Fwp%2Fv2%2Fmedia&parent=1058"}],"wp:term":[{"taxonomy":"category","embeddable":true,"href":"http:\/\/aeroclub-abbeville.fr\/index.php?rest_route=%2Fwp%2Fv2%2Fcategories&post=1058"},{"taxonomy":"post_tag","embeddable":true,"href":"http:\/\/aeroclub-abbeville.fr\/index.php?rest_route=%2Fwp%2Fv2%2Ftags&post=1058"}],"curies":[{"name":"wp","href":"https:\/\/api.w.org\/{rel}","templated":true}]}}