{"id":106,"date":"2013-12-01T17:33:42","date_gmt":"2013-12-01T16:33:42","guid":{"rendered":"http:\/\/web.aeroclub-abbeville.fr\/aeroclub\/?p=106"},"modified":"2014-02-03T23:16:16","modified_gmt":"2014-02-03T22:16:16","slug":"fin-dannee-2013-rappels-importants","status":"publish","type":"post","link":"http:\/\/aeroclub-abbeville.fr\/?p=106","title":{"rendered":"Rappels importants en ce d\u00e9but d&rsquo;ann\u00e9e!"},"content":{"rendered":"<div>\n<ul>\n<li>\n<div>Les licence-assurances FFA et FFVV 2014 sont disponibles. Contactez Jean-Pierre ou Mathieu pour la souscription.<\/div>\n<\/li>\n<li>\n<div>N\u2019oubliez pas que pour voler \u00e0 partir du 1er janvier il faut \u00eatre \u00e0 jour (cotisation + licence-assurance ; sans oublier tout le reste : aptitude m\u00e9dicale, test ou vol de contr\u00f4le\u2026).<\/div>\n<\/li>\n<li>\n<div>Pensez \u00e0 r\u00e9gulariser votre compte afin que le club puisse cl\u00f4turer l&rsquo;exercice comptable \u00e0 l&rsquo;\u00e9quilibre.<\/div>\n<\/li>\n<li>\n<div>Le froid revient pour de longs mois. Pensez \u00e0 m\u00e9nager les moteurs en leur laissant le temps de chauffer. Plus de mise en route suivie de roulage imm\u00e9diat et d\u00e9collage plein gaz ! Les moteurs n&rsquo;aiment pas du tout et nous le font payer \u2026 cher (au sens propre).<\/div>\n<\/li>\n<\/ul>\n<\/div>\n","protected":false},"excerpt":{"rendered":"<p>Les licence-assurances FFA et FFVV 2014 sont disponibles. Contactez Jean-Pierre ou Mathieu pour la souscription. N\u2019oubliez pas que pour voler \u00e0 partir du 1er janvier il faut \u00eatre \u00e0 jour (cotisation + licence-assurance ; sans oublier tout le reste : aptitude m\u00e9dicale, test ou vol de contr\u00f4le\u2026). Pensez \u00e0 r\u00e9gulariser votre compte afin que le [&hellip;]<\/p>\n","protected":false},"author":67,"featured_media":0,"comment_status":"open","ping_status":"open","sticky":false,"template":"","format":"standard","meta":{"inline_featured_image":false,"footnotes":""},"categories":[2,3],"tags":[],"class_list":["post-106","post","type-post","status-publish","format-standard","hentry","category-avion","category-club"],"_links":{"self":[{"href":"http:\/\/aeroclub-abbeville.fr\/index.php?rest_route=\/wp\/v2\/posts\/106","targetHints":{"allow":["GET"]}}],"collection":[{"href":"http:\/\/aeroclub-abbeville.fr\/index.php?rest_route=\/wp\/v2\/posts"}],"about":[{"href":"http:\/\/aeroclub-abbeville.fr\/index.php?rest_route=\/wp\/v2\/types\/post"}],"author":[{"embeddable":true,"href":"http:\/\/aeroclub-abbeville.fr\/index.php?rest_route=\/wp\/v2\/users\/67"}],"replies":[{"embeddable":true,"href":"http:\/\/aeroclub-abbeville.fr\/index.php?rest_route=%2Fwp%2Fv2%2Fcomments&post=106"}],"version-history":[{"count":1,"href":"http:\/\/aeroclub-abbeville.fr\/index.php?rest_route=\/wp\/v2\/posts\/106\/revisions"}],"predecessor-version":[{"id":409,"href":"http:\/\/aeroclub-abbeville.fr\/index.php?rest_route=\/wp\/v2\/posts\/106\/revisions\/409"}],"wp:attachment":[{"href":"http:\/\/aeroclub-abbeville.fr\/index.php?rest_route=%2Fwp%2Fv2%2Fmedia&parent=106"}],"wp:term":[{"taxonomy":"category","embeddable":true,"href":"http:\/\/aeroclub-abbeville.fr\/index.php?rest_route=%2Fwp%2Fv2%2Fcategories&post=106"},{"taxonomy":"post_tag","embeddable":true,"href":"http:\/\/aeroclub-abbeville.fr\/index.php?rest_route=%2Fwp%2Fv2%2Ftags&post=106"}],"curies":[{"name":"wp","href":"https:\/\/api.w.org\/{rel}","templated":true}]}}