{"id":1063,"date":"2015-06-26T13:10:56","date_gmt":"2015-06-26T12:10:56","guid":{"rendered":"http:\/\/aeroclub-abbeville.fr\/?p=1063"},"modified":"2015-06-26T13:12:06","modified_gmt":"2015-06-26T12:12:06","slug":"encore-un-brevet","status":"publish","type":"post","link":"http:\/\/aeroclub-abbeville.fr\/?p=1063","title":{"rendered":"Encore un brevet !"},"content":{"rendered":"<p>Marie-Fran\u00e7oise est la troisi\u00e8me \u00e9l\u00e8ve \u00e0 r\u00e9ussir le test PPL cette ann\u00e9e. Sur la photo avec JF Poiteaux l&rsquo;examinateur.<\/p>\n<p><img fetchpriority=\"high\" decoding=\"async\" class=\"aligncenter size-full wp-image-1064\" src=\"http:\/\/aeroclub-abbeville.fr\/wp-content\/uploads\/2015\/06\/mariefrancoise.jpg\" alt=\"mariefrancoise\" width=\"776\" height=\"568\" srcset=\"http:\/\/aeroclub-abbeville.fr\/wp-content\/uploads\/2015\/06\/mariefrancoise.jpg 776w, http:\/\/aeroclub-abbeville.fr\/wp-content\/uploads\/2015\/06\/mariefrancoise-480x351.jpg 480w, http:\/\/aeroclub-abbeville.fr\/wp-content\/uploads\/2015\/06\/mariefrancoise-624x456.jpg 624w\" sizes=\"(max-width: 776px) 100vw, 776px\" \/>F\u00e9licitations et bons vols \u00e0 la nouvelle brevet\u00e9e ! Toutes nos f\u00e9licitations \u00e9galement \u00e0 Alain son instructeur.<\/p>\n<p>&nbsp;<\/p>\n","protected":false},"excerpt":{"rendered":"<p>Marie-Fran\u00e7oise est la troisi\u00e8me \u00e9l\u00e8ve \u00e0 r\u00e9ussir le test PPL cette ann\u00e9e. Sur la photo avec JF Poiteaux l&rsquo;examinateur. F\u00e9licitations et bons vols \u00e0 la nouvelle brevet\u00e9e ! Toutes nos f\u00e9licitations \u00e9galement \u00e0 Alain son instructeur. &nbsp;<\/p>\n","protected":false},"author":2,"featured_media":0,"comment_status":"open","ping_status":"open","sticky":false,"template":"","format":"standard","meta":{"inline_featured_image":false,"footnotes":""},"categories":[2,7,18],"tags":[],"class_list":["post-1063","post","type-post","status-publish","format-standard","hentry","category-avion","category-formation_avion","category-vie-du-club"],"_links":{"self":[{"href":"http:\/\/aeroclub-abbeville.fr\/index.php?rest_route=\/wp\/v2\/posts\/1063","targetHints":{"allow":["GET"]}}],"collection":[{"href":"http:\/\/aeroclub-abbeville.fr\/index.php?rest_route=\/wp\/v2\/posts"}],"about":[{"href":"http:\/\/aeroclub-abbeville.fr\/index.php?rest_route=\/wp\/v2\/types\/post"}],"author":[{"embeddable":true,"href":"http:\/\/aeroclub-abbeville.fr\/index.php?rest_route=\/wp\/v2\/users\/2"}],"replies":[{"embeddable":true,"href":"http:\/\/aeroclub-abbeville.fr\/index.php?rest_route=%2Fwp%2Fv2%2Fcomments&post=1063"}],"version-history":[{"count":2,"href":"http:\/\/aeroclub-abbeville.fr\/index.php?rest_route=\/wp\/v2\/posts\/1063\/revisions"}],"predecessor-version":[{"id":1066,"href":"http:\/\/aeroclub-abbeville.fr\/index.php?rest_route=\/wp\/v2\/posts\/1063\/revisions\/1066"}],"wp:attachment":[{"href":"http:\/\/aeroclub-abbeville.fr\/index.php?rest_route=%2Fwp%2Fv2%2Fmedia&parent=1063"}],"wp:term":[{"taxonomy":"category","embeddable":true,"href":"http:\/\/aeroclub-abbeville.fr\/index.php?rest_route=%2Fwp%2Fv2%2Fcategories&post=1063"},{"taxonomy":"post_tag","embeddable":true,"href":"http:\/\/aeroclub-abbeville.fr\/index.php?rest_route=%2Fwp%2Fv2%2Ftags&post=1063"}],"curies":[{"name":"wp","href":"https:\/\/api.w.org\/{rel}","templated":true}]}}