{"id":1110,"date":"2015-07-19T14:32:38","date_gmt":"2015-07-19T13:32:38","guid":{"rendered":"http:\/\/aeroclub-abbeville.fr\/?p=1110"},"modified":"2015-08-04T07:04:27","modified_gmt":"2015-08-04T06:04:27","slug":"stage-dete-a-troyes","status":"publish","type":"post","link":"http:\/\/aeroclub-abbeville.fr\/?p=1110","title":{"rendered":"Stage d&rsquo;\u00e9t\u00e9 \u00e0 Troyes"},"content":{"rendered":"<p>Stage d\u2019\u00e9t\u00e9 Troyes 2015<\/p>\n<p>11 planeurs et un Dynamic ont pris la route mi juillet pour le stage d\u2019\u00e9t\u00e9 qui se d\u00e9roule sur l&rsquo;a\u00e9rodrome de Troyes.<br \/>\nApr\u00e8s le montage des planeurs et les premiers d\u00e9collages, la journ\u00e9e de samedi \u00e9tait parfaite pour une remise en forme.<\/p>\n<p><a href=\"http:\/\/aeroclub-abbeville.fr\/wp-content\/uploads\/2015\/07\/IMG_81073.jpg\"><img fetchpriority=\"high\" decoding=\"async\" class=\"size-medium wp-image-1121 aligncenter\" src=\"http:\/\/aeroclub-abbeville.fr\/wp-content\/uploads\/2015\/07\/IMG_81073-480x320.jpg\" alt=\"IMG_8107\" width=\"480\" height=\"320\" srcset=\"http:\/\/aeroclub-abbeville.fr\/wp-content\/uploads\/2015\/07\/IMG_81073-480x320.jpg 480w, http:\/\/aeroclub-abbeville.fr\/wp-content\/uploads\/2015\/07\/IMG_81073-1024x682.jpg 1024w, http:\/\/aeroclub-abbeville.fr\/wp-content\/uploads\/2015\/07\/IMG_81073-624x416.jpg 624w\" sizes=\"(max-width: 480px) 100vw, 480px\" \/><\/a><br \/>\nDimanche : soleil, cumulus, plafond, 5 planeurs partent en 300km. Olivier, Simon et Mathieu bouclent le circuit. Les filles un peu plus frileuses font demi-tour avant le point de virage qui se trouvait en plein thermique pur !<!--more--><br \/>\nDans la soir\u00e9e, nous voyons un Ask21 avec une seule personne \u00e0 bord. Que ce passe t-il ? Non un lach\u00e9 ? Et oui , Gabrielle est lach\u00e9e ! Une fille en plus en solo sur les planeurs Abbevillois. Un arrosage de plus, une balise de plus \u2026. FELICITATION Gabi !<br \/>\nLundi, Mardi petite journ\u00e9e, des vols tout de m\u00eame, du grand local pour certain, des essais de d\u00e9part en circuit pour d\u2019autres.<br \/>\nMardi soir un SF vient se poser sur le terrain. Qui-est-ce ? Florent, un gars du nord qui en \u00e0 marre de la mauvaise m\u00e9t\u00e9o, est venu nous dire bonjour !<br \/>\nMercredi, top m\u00e9t\u00e9o annonce du vert sur la r\u00e9gion, journ\u00e9e id\u00e9ale pour le 500km NON ? Planeurs ballast\u00e9s, batteries charg\u00e9es, circuit pr\u00e9par\u00e9, nous sommes pr\u00eat \u00e0 tourner ! 11h30 d\u00e9collage, plafond \u00e0 900m nous partons quand m\u00eame ! Premi\u00e8re branche nous devons aller au sud ouest de Chartres Dur Dur cumulus sur le d\u00e9but, thermique pur par la suite, des plafonds pas top (1200m sur le d\u00e9but) mais que faisons nous en 500km ? Point de virage \u00e0 198km de la maison, j\u2019esp\u00e8re que personne ne va se vacher la\u2026 ET SI \u2026.. K\u00e9vin Hugot fait un point bas, difficile \u00e0 remonter, il se met au tas \u00e0 178km de la maison par les airs \u2026 dur\u2026.<br \/>\nLes autres planeurs gal\u00e8rent, Thibault et Chlo\u00e9 d\u00e9cident de faire d\u2019autres points de virage, Mathieu, Suzanne et Olivier persistent ! Premier point tourn\u00e9, direction Avallon. Avallon tout en thermique pur, de beaux cumulus nous tendent les bras vers Troyes, nous d\u00e9cidons donc de changer le circuit et de partir vers S\u00e9zanne. \u00ab Le comme pr\u00e9vu \u00bb sera pour une prochaine fois ! 6h de vol, 7h de vol 8h de vol pour certain, nous allons rentrer ! OUF circuit boucl\u00e9 ! Mathieu, Suzanne et Olivier ont tourn\u00e9 ! FELICITATION<br \/>\nPendant ce temps au terrain, des essais de 5h, Auguste valide ces 5h largement en faisant 5h50 de vol. Romain gal\u00e8re un peu plus et les loupe en faisant que 4h50\u2026<\/p>\n<p>Un bon repas vient cl\u00f4turer la journ\u00e9e avec tout les Troyens. Beaucoup de personne sont pass\u00e9es \u00e0 la flotte pour les r\u00e9sultats de la journ\u00e9e !<br \/>\nJeudi et vendredi thermiques purs, chaleur rendent les journ\u00e9es plus difficile, deux l\u00e2ch\u00e9s p\u00e9gase ont tout de m\u00eame \u00e9t\u00e9 r\u00e9alis\u00e9 (Romain et Auguste). Les \u00e9l\u00e8ves continuent leur formation en Ask13 et Ask21 ( Quentin, Baptiste, Pierre-Louis, Louis, Laurie, H\u00e9l\u00e8ne)<\/p>\n<p>Bref, une tr\u00e8s bonne semaine termine. 167h de vol, 4500km parcourus, une tr\u00e8s bonne ambiance, de bon repas (MERCI Agn\u00e8s).<br \/>\nEn esp\u00e9rant que cette semaine soit aussi bonne !<\/p>\n<p><a title=\"Quelques photos sur Picasa\" href=\"https:\/\/picasaweb.google.com\/112727167357948829829\/StageDEteATroyes2015?feat=directlink#\">Quelques photos sur Picasa<\/a><\/p>\n","protected":false},"excerpt":{"rendered":"<p>Stage d\u2019\u00e9t\u00e9 Troyes 2015 11 planeurs et un Dynamic ont pris la route mi juillet pour le stage d\u2019\u00e9t\u00e9 qui se d\u00e9roule sur l&rsquo;a\u00e9rodrome de Troyes. Apr\u00e8s le montage des planeurs et les premiers d\u00e9collages, la journ\u00e9e de samedi \u00e9tait parfaite pour une remise en forme. Dimanche : soleil, cumulus, plafond, 5 planeurs partent en [&hellip;]<\/p>\n","protected":false},"author":4,"featured_media":0,"comment_status":"open","ping_status":"open","sticky":false,"template":"","format":"standard","meta":{"inline_featured_image":false,"footnotes":""},"categories":[21,6,8,13,18,19],"tags":[],"class_list":["post-1110","post","type-post","status-publish","format-standard","hentry","category-arrosages-fetes","category-formation","category-formation_planeur","category-planeur","category-vie-du-club","category-vol-a-voile"],"_links":{"self":[{"href":"http:\/\/aeroclub-abbeville.fr\/index.php?rest_route=\/wp\/v2\/posts\/1110","targetHints":{"allow":["GET"]}}],"collection":[{"href":"http:\/\/aeroclub-abbeville.fr\/index.php?rest_route=\/wp\/v2\/posts"}],"about":[{"href":"http:\/\/aeroclub-abbeville.fr\/index.php?rest_route=\/wp\/v2\/types\/post"}],"author":[{"embeddable":true,"href":"http:\/\/aeroclub-abbeville.fr\/index.php?rest_route=\/wp\/v2\/users\/4"}],"replies":[{"embeddable":true,"href":"http:\/\/aeroclub-abbeville.fr\/index.php?rest_route=%2Fwp%2Fv2%2Fcomments&post=1110"}],"version-history":[{"count":8,"href":"http:\/\/aeroclub-abbeville.fr\/index.php?rest_route=\/wp\/v2\/posts\/1110\/revisions"}],"predecessor-version":[{"id":1127,"href":"http:\/\/aeroclub-abbeville.fr\/index.php?rest_route=\/wp\/v2\/posts\/1110\/revisions\/1127"}],"wp:attachment":[{"href":"http:\/\/aeroclub-abbeville.fr\/index.php?rest_route=%2Fwp%2Fv2%2Fmedia&parent=1110"}],"wp:term":[{"taxonomy":"category","embeddable":true,"href":"http:\/\/aeroclub-abbeville.fr\/index.php?rest_route=%2Fwp%2Fv2%2Fcategories&post=1110"},{"taxonomy":"post_tag","embeddable":true,"href":"http:\/\/aeroclub-abbeville.fr\/index.php?rest_route=%2Fwp%2Fv2%2Ftags&post=1110"}],"curies":[{"name":"wp","href":"https:\/\/api.w.org\/{rel}","templated":true}]}}