{"id":1128,"date":"2015-08-04T07:26:03","date_gmt":"2015-08-04T06:26:03","guid":{"rendered":"http:\/\/aeroclub-abbeville.fr\/?p=1128"},"modified":"2015-08-10T21:03:08","modified_gmt":"2015-08-10T20:03:08","slug":"retenez-des-a-present-la-date-du-26-septembre","status":"publish","type":"post","link":"http:\/\/aeroclub-abbeville.fr\/?p=1128","title":{"rendered":"Retenez d\u00e8s \u00e0 pr\u00e9sent la date du 26 septembre"},"content":{"rendered":"<p><strong>Op\u00e9ration portes ouvertes<\/strong> :<\/p>\n<ul style=\"list-style-type: undefined;\">\n<li>Bapt\u00eames de l&rsquo;air avion et planeur<\/li>\n<li>Pr\u00e9sentations en vol\u00a0 d&rsquo;avions ext\u00e9rieurs venus nous rendre visite<\/li>\n<li>Information et inscriptions pour le BIA 2016<\/li>\n<li>C\u00e9r\u00e9monie traditionnelle de remise des dipl\u00f4mes et des brevets en pr\u00e9sence des \u00e9lus<\/li>\n<li>Pot et repas salle Michel Dor\u00e9.<\/li>\n<\/ul>\n<p>&nbsp;<\/p>\n<p><img fetchpriority=\"high\" decoding=\"async\" class=\"aligncenter  wp-image-1130\" src=\"http:\/\/aeroclub-abbeville.fr\/wp-content\/uploads\/2015\/08\/bia.jpg\" alt=\"bia\" width=\"230\" height=\"230\" srcset=\"http:\/\/aeroclub-abbeville.fr\/wp-content\/uploads\/2015\/08\/bia.jpg 480w, http:\/\/aeroclub-abbeville.fr\/wp-content\/uploads\/2015\/08\/bia-150x150.jpg 150w\" sizes=\"(max-width: 230px) 100vw, 230px\" \/><\/p>\n","protected":false},"excerpt":{"rendered":"<p>Op\u00e9ration portes ouvertes : Bapt\u00eames de l&rsquo;air avion et planeur Pr\u00e9sentations en vol\u00a0 d&rsquo;avions ext\u00e9rieurs venus nous rendre visite Information et inscriptions pour le BIA 2016 C\u00e9r\u00e9monie traditionnelle de remise des dipl\u00f4mes et des brevets en pr\u00e9sence des \u00e9lus Pot et repas salle Michel Dor\u00e9. &nbsp;<\/p>\n","protected":false},"author":2,"featured_media":0,"comment_status":"open","ping_status":"open","sticky":false,"template":"","format":"standard","meta":{"inline_featured_image":false,"footnotes":""},"categories":[21,22,3,6,7,8,18],"tags":[],"class_list":["post-1128","post","type-post","status-publish","format-standard","hentry","category-arrosages-fetes","category-bia","category-club","category-formation","category-formation_avion","category-formation_planeur","category-vie-du-club"],"_links":{"self":[{"href":"http:\/\/aeroclub-abbeville.fr\/index.php?rest_route=\/wp\/v2\/posts\/1128","targetHints":{"allow":["GET"]}}],"collection":[{"href":"http:\/\/aeroclub-abbeville.fr\/index.php?rest_route=\/wp\/v2\/posts"}],"about":[{"href":"http:\/\/aeroclub-abbeville.fr\/index.php?rest_route=\/wp\/v2\/types\/post"}],"author":[{"embeddable":true,"href":"http:\/\/aeroclub-abbeville.fr\/index.php?rest_route=\/wp\/v2\/users\/2"}],"replies":[{"embeddable":true,"href":"http:\/\/aeroclub-abbeville.fr\/index.php?rest_route=%2Fwp%2Fv2%2Fcomments&post=1128"}],"version-history":[{"count":5,"href":"http:\/\/aeroclub-abbeville.fr\/index.php?rest_route=\/wp\/v2\/posts\/1128\/revisions"}],"predecessor-version":[{"id":1167,"href":"http:\/\/aeroclub-abbeville.fr\/index.php?rest_route=\/wp\/v2\/posts\/1128\/revisions\/1167"}],"wp:attachment":[{"href":"http:\/\/aeroclub-abbeville.fr\/index.php?rest_route=%2Fwp%2Fv2%2Fmedia&parent=1128"}],"wp:term":[{"taxonomy":"category","embeddable":true,"href":"http:\/\/aeroclub-abbeville.fr\/index.php?rest_route=%2Fwp%2Fv2%2Fcategories&post=1128"},{"taxonomy":"post_tag","embeddable":true,"href":"http:\/\/aeroclub-abbeville.fr\/index.php?rest_route=%2Fwp%2Fv2%2Ftags&post=1128"}],"curies":[{"name":"wp","href":"https:\/\/api.w.org\/{rel}","templated":true}]}}