{"id":1133,"date":"2015-08-04T11:33:49","date_gmt":"2015-08-04T10:33:49","guid":{"rendered":"http:\/\/aeroclub-abbeville.fr\/?p=1133"},"modified":"2015-08-05T22:10:30","modified_gmt":"2015-08-05T21:10:30","slug":"duo-discus-xlt-un-petit-bijou-volant","status":"publish","type":"post","link":"http:\/\/aeroclub-abbeville.fr\/?p=1133","title":{"rendered":"DUO-DISCUS XLT : une belle machine volante."},"content":{"rendered":"<p>\u00c7a y est il a vol\u00e9 ! Le F-CFOU, le Duo-Discus tant attendu dans notre hangar \u00e0 effectu\u00e9 ses premiers vols hier, il totalise 2h10 de vol, Jean Jacques Monvoisin, Fran\u00e7ois Duvollet, Auguste Yvon, Victor Roussel, Gabrielle Caudrelier et Mathieu Caudrelier, ont go\u00fbt\u00e9s \u00e0 cette belle machine et \u00e0 ses performances jusqu&rsquo;\u00e0 lors, inimaginable \u00e0 Abbeville ! Tous le monde a voulu le voir voler, le courrier Picard \u00e9tait pr\u00e9sent, et Claude Dubois pilote ULM et ancien v\u00e9livole d\u00e9gaine son appareil photo professionnel pour immortaliser cet instant, on peut remercier toute les personnes qui ce sont impliqu\u00e9 dans ce beau projet.<\/p>\n<p><a href=\"http:\/\/aeroclub-abbeville.fr\/wp-content\/uploads\/2015\/08\/image1.jpg\"><img fetchpriority=\"high\" decoding=\"async\" class=\"alignnone size-medium wp-image-1136\" src=\"http:\/\/aeroclub-abbeville.fr\/wp-content\/uploads\/2015\/08\/image1-480x272.jpg\" alt=\"image\" width=\"480\" height=\"272\" \/><\/a><a href=\"http:\/\/aeroclub-abbeville.fr\/wp-content\/uploads\/2015\/08\/image2.jpg\"><img decoding=\"async\" class=\"alignnone size-medium wp-image-1137\" src=\"http:\/\/aeroclub-abbeville.fr\/wp-content\/uploads\/2015\/08\/image2-480x360.jpg\" alt=\"image\" width=\"480\" height=\"360\" srcset=\"http:\/\/aeroclub-abbeville.fr\/wp-content\/uploads\/2015\/08\/image2-480x360.jpg 480w, http:\/\/aeroclub-abbeville.fr\/wp-content\/uploads\/2015\/08\/image2-1024x768.jpg 1024w, http:\/\/aeroclub-abbeville.fr\/wp-content\/uploads\/2015\/08\/image2-624x467.jpg 624w\" sizes=\"(max-width: 480px) 100vw, 480px\" \/><\/a><\/p>\n<p>Cette machine nous permettra d&rsquo;am\u00e9liorer l&rsquo;\u00e9cole campagne, de faire de grands vols et de participer aux comp\u00e9titions. Gr\u00e2ce \u00e0 son moteur turbo, il sera possible de rentrer m\u00eame si les conditions m\u00e9t\u00e9o se d\u00e9gradent. Cela nous permettra de multiplier les jours de vol.<!--more--><a href=\"http:\/\/aeroclub-abbeville.fr\/wp-content\/uploads\/2015\/08\/IMG_7083R.jpg\"><img decoding=\"async\" class=\"aligncenter size-full wp-image-1161\" src=\"http:\/\/aeroclub-abbeville.fr\/wp-content\/uploads\/2015\/08\/IMG_7083R.jpg\" alt=\"IMG_7083R\" width=\"800\" height=\"335\" srcset=\"http:\/\/aeroclub-abbeville.fr\/wp-content\/uploads\/2015\/08\/IMG_7083R.jpg 800w, http:\/\/aeroclub-abbeville.fr\/wp-content\/uploads\/2015\/08\/IMG_7083R-480x201.jpg 480w, http:\/\/aeroclub-abbeville.fr\/wp-content\/uploads\/2015\/08\/IMG_7083R-624x261.jpg 624w\" sizes=\"(max-width: 800px) 100vw, 800px\" \/><\/a>Le Courrier Picard du 3 ao\u00fbt en parle :<\/p>\n<p><a href=\"http:\/\/aeroclub-abbeville.fr\/wp-content\/uploads\/2015\/08\/20150804_1714411.jpg\"><img loading=\"lazy\" decoding=\"async\" class=\"aligncenter size-full wp-image-1159\" src=\"http:\/\/aeroclub-abbeville.fr\/wp-content\/uploads\/2015\/08\/20150804_1714411.jpg\" alt=\"20150804_171441\" width=\"800\" height=\"800\" srcset=\"http:\/\/aeroclub-abbeville.fr\/wp-content\/uploads\/2015\/08\/20150804_1714411.jpg 800w, http:\/\/aeroclub-abbeville.fr\/wp-content\/uploads\/2015\/08\/20150804_1714411-150x150.jpg 150w, http:\/\/aeroclub-abbeville.fr\/wp-content\/uploads\/2015\/08\/20150804_1714411-480x480.jpg 480w, http:\/\/aeroclub-abbeville.fr\/wp-content\/uploads\/2015\/08\/20150804_1714411-624x624.jpg 624w\" sizes=\"(max-width: 800px) 100vw, 800px\" \/><\/a><\/p>\n","protected":false},"excerpt":{"rendered":"<p>\u00c7a y est il a vol\u00e9 ! Le F-CFOU, le Duo-Discus tant attendu dans notre hangar \u00e0 effectu\u00e9 ses premiers vols hier, il totalise 2h10 de vol, Jean Jacques Monvoisin, Fran\u00e7ois Duvollet, Auguste Yvon, Victor Roussel, Gabrielle Caudrelier et Mathieu Caudrelier, ont go\u00fbt\u00e9s \u00e0 cette belle machine et \u00e0 ses performances jusqu&rsquo;\u00e0 lors, inimaginable \u00e0 [&hellip;]<\/p>\n","protected":false},"author":4,"featured_media":0,"comment_status":"open","ping_status":"open","sticky":false,"template":"","format":"standard","meta":{"inline_featured_image":false,"footnotes":""},"categories":[3,6,8,13,19],"tags":[],"class_list":["post-1133","post","type-post","status-publish","format-standard","hentry","category-club","category-formation","category-formation_planeur","category-planeur","category-vol-a-voile"],"_links":{"self":[{"href":"http:\/\/aeroclub-abbeville.fr\/index.php?rest_route=\/wp\/v2\/posts\/1133","targetHints":{"allow":["GET"]}}],"collection":[{"href":"http:\/\/aeroclub-abbeville.fr\/index.php?rest_route=\/wp\/v2\/posts"}],"about":[{"href":"http:\/\/aeroclub-abbeville.fr\/index.php?rest_route=\/wp\/v2\/types\/post"}],"author":[{"embeddable":true,"href":"http:\/\/aeroclub-abbeville.fr\/index.php?rest_route=\/wp\/v2\/users\/4"}],"replies":[{"embeddable":true,"href":"http:\/\/aeroclub-abbeville.fr\/index.php?rest_route=%2Fwp%2Fv2%2Fcomments&post=1133"}],"version-history":[{"count":10,"href":"http:\/\/aeroclub-abbeville.fr\/index.php?rest_route=\/wp\/v2\/posts\/1133\/revisions"}],"predecessor-version":[{"id":1162,"href":"http:\/\/aeroclub-abbeville.fr\/index.php?rest_route=\/wp\/v2\/posts\/1133\/revisions\/1162"}],"wp:attachment":[{"href":"http:\/\/aeroclub-abbeville.fr\/index.php?rest_route=%2Fwp%2Fv2%2Fmedia&parent=1133"}],"wp:term":[{"taxonomy":"category","embeddable":true,"href":"http:\/\/aeroclub-abbeville.fr\/index.php?rest_route=%2Fwp%2Fv2%2Fcategories&post=1133"},{"taxonomy":"post_tag","embeddable":true,"href":"http:\/\/aeroclub-abbeville.fr\/index.php?rest_route=%2Fwp%2Fv2%2Ftags&post=1133"}],"curies":[{"name":"wp","href":"https:\/\/api.w.org\/{rel}","templated":true}]}}