{"id":1169,"date":"2015-08-17T10:59:14","date_gmt":"2015-08-17T09:59:14","guid":{"rendered":"http:\/\/aeroclub-abbeville.fr\/?p=1169"},"modified":"2015-08-17T10:59:14","modified_gmt":"2015-08-17T09:59:14","slug":"f-gmxg","status":"publish","type":"post","link":"http:\/\/aeroclub-abbeville.fr\/?p=1169","title":{"rendered":"F-GMXG"},"content":{"rendered":"<p>F-GMXG a quitt\u00e9 Abbeville ce week-end pour rejoindre son nouveau hangar \u00e0 Biscarosse <a href=\"http:\/\/aeroclub-abbeville.fr\/wp-content\/uploads\/2015\/08\/image11.jpg\"><img fetchpriority=\"high\" decoding=\"async\" class=\"aligncenter  wp-image-1172\" src=\"http:\/\/aeroclub-abbeville.fr\/wp-content\/uploads\/2015\/08\/image11.jpg\" alt=\"image1\" width=\"544\" height=\"402\" srcset=\"http:\/\/aeroclub-abbeville.fr\/wp-content\/uploads\/2015\/08\/image11.jpg 800w, http:\/\/aeroclub-abbeville.fr\/wp-content\/uploads\/2015\/08\/image11-480x354.jpg 480w, http:\/\/aeroclub-abbeville.fr\/wp-content\/uploads\/2015\/08\/image11-624x460.jpg 624w\" sizes=\"(max-width: 544px) 100vw, 544px\" \/><\/a><!--more--><\/p>\n<p>Le trop faible nombre d&rsquo;heures de vols effectu\u00e9s ces derni\u00e8res ann\u00e9es ne pouvait plus justifier les co\u00fbts de maintenance de 4 appareils. L\u2019a\u00e9ro-club a donc d\u00e9cid\u00e9 de se s\u00e9parer d&rsquo;un de nos avions \u00e9cole de 120 cv. L&rsquo;avion a \u00e9t\u00e9 vendu \u00e0 l&rsquo;a\u00e9ro-club de Biscarosse apr\u00e8s remise en \u00e9tat de la sellerie et r\u00e9vision de l&rsquo;h\u00e9lice.<\/p>\n<p>J\u00e9r\u00f4me et Jean-Jacques ont assur\u00e9 le convoyage ce week-end du 15 ao\u00fbt.<\/p>\n<p><a href=\"http:\/\/aeroclub-abbeville.fr\/wp-content\/uploads\/2015\/08\/image111.jpg\"><img decoding=\"async\" class=\"aligncenter  wp-image-1173\" src=\"http:\/\/aeroclub-abbeville.fr\/wp-content\/uploads\/2015\/08\/image111.jpg\" alt=\"image11\" width=\"542\" height=\"357\" srcset=\"http:\/\/aeroclub-abbeville.fr\/wp-content\/uploads\/2015\/08\/image111.jpg 800w, http:\/\/aeroclub-abbeville.fr\/wp-content\/uploads\/2015\/08\/image111-480x316.jpg 480w, http:\/\/aeroclub-abbeville.fr\/wp-content\/uploads\/2015\/08\/image111-624x411.jpg 624w\" sizes=\"(max-width: 542px) 100vw, 542px\" \/><\/a><\/p>\n<p>Nul doute que ses nouveau propri\u00e9taires seront aux petits soins pour leur nouvel appareil.<!--more--><\/p>\n<p>&nbsp;<\/p>\n","protected":false},"excerpt":{"rendered":"<p>F-GMXG a quitt\u00e9 Abbeville ce week-end pour rejoindre son nouveau hangar \u00e0 Biscarosse<\/p>\n","protected":false},"author":2,"featured_media":0,"comment_status":"open","ping_status":"open","sticky":false,"template":"","format":"standard","meta":{"inline_featured_image":false,"footnotes":""},"categories":[2,3,18,31],"tags":[],"class_list":["post-1169","post","type-post","status-publish","format-standard","hentry","category-avion","category-club","category-vie-du-club","category-voyages"],"_links":{"self":[{"href":"http:\/\/aeroclub-abbeville.fr\/index.php?rest_route=\/wp\/v2\/posts\/1169","targetHints":{"allow":["GET"]}}],"collection":[{"href":"http:\/\/aeroclub-abbeville.fr\/index.php?rest_route=\/wp\/v2\/posts"}],"about":[{"href":"http:\/\/aeroclub-abbeville.fr\/index.php?rest_route=\/wp\/v2\/types\/post"}],"author":[{"embeddable":true,"href":"http:\/\/aeroclub-abbeville.fr\/index.php?rest_route=\/wp\/v2\/users\/2"}],"replies":[{"embeddable":true,"href":"http:\/\/aeroclub-abbeville.fr\/index.php?rest_route=%2Fwp%2Fv2%2Fcomments&post=1169"}],"version-history":[{"count":1,"href":"http:\/\/aeroclub-abbeville.fr\/index.php?rest_route=\/wp\/v2\/posts\/1169\/revisions"}],"predecessor-version":[{"id":1174,"href":"http:\/\/aeroclub-abbeville.fr\/index.php?rest_route=\/wp\/v2\/posts\/1169\/revisions\/1174"}],"wp:attachment":[{"href":"http:\/\/aeroclub-abbeville.fr\/index.php?rest_route=%2Fwp%2Fv2%2Fmedia&parent=1169"}],"wp:term":[{"taxonomy":"category","embeddable":true,"href":"http:\/\/aeroclub-abbeville.fr\/index.php?rest_route=%2Fwp%2Fv2%2Fcategories&post=1169"},{"taxonomy":"post_tag","embeddable":true,"href":"http:\/\/aeroclub-abbeville.fr\/index.php?rest_route=%2Fwp%2Fv2%2Ftags&post=1169"}],"curies":[{"name":"wp","href":"https:\/\/api.w.org\/{rel}","templated":true}]}}