{"id":1186,"date":"2015-08-24T11:39:55","date_gmt":"2015-08-24T10:39:55","guid":{"rendered":"http:\/\/aeroclub-abbeville.fr\/?p=1186"},"modified":"2015-08-24T14:35:48","modified_gmt":"2015-08-24T13:35:48","slug":"carnet-noir-2","status":"publish","type":"post","link":"http:\/\/aeroclub-abbeville.fr\/?p=1186","title":{"rendered":"Carnet noir"},"content":{"rendered":"<p>Arthur Monvoisin, p\u00e8re de Jean-Jacques, est d\u00e9c\u00e9d\u00e9 ce samedi dans sa 94 \u00e8me ann\u00e9e. Bien que n&rsquo;\u00e9tant pas lui m\u00eame pilote il fut Vice-Pr\u00e9sident de l&rsquo;a\u00e9ro-club de Picardie bas\u00e9 sur le terrain d&rsquo;Amiens-Glisy. Ing\u00e9nieur \u00e9lectronicien \u00e0 la SNCF, passionn\u00e9 de technique , il fut le concepteur en 1992 d&rsquo;un syst\u00e8me d&rsquo;allumage des feux de l&rsquo;a\u00e9rodrome command\u00e9 par le pilote.<br \/>\nLa presse de l&rsquo;\u00e9poque se fit l&rsquo;\u00e9cho de cette invention.<\/p>\n<p>Saluons ce grand Monsieur qui sut mettre sa passion au service des aviateurs.<\/p>\n<h3>Un article de Fran\u00e7ois Besse dans Info-Pilote de f\u00e9vrier 1992<br \/>\n<!--more--><\/h3>\n<h3><a href=\"http:\/\/aeroclub-abbeville.fr\/wp-content\/uploads\/2015\/08\/SCAN0024.jpg\"><img fetchpriority=\"high\" decoding=\"async\" class=\"aligncenter size-full wp-image-1187\" src=\"http:\/\/aeroclub-abbeville.fr\/wp-content\/uploads\/2015\/08\/SCAN0024.jpg\" alt=\"SCAN0024\" width=\"1024\" height=\"757\" srcset=\"http:\/\/aeroclub-abbeville.fr\/wp-content\/uploads\/2015\/08\/SCAN0024.jpg 1024w, http:\/\/aeroclub-abbeville.fr\/wp-content\/uploads\/2015\/08\/SCAN0024-480x354.jpg 480w, http:\/\/aeroclub-abbeville.fr\/wp-content\/uploads\/2015\/08\/SCAN0024-624x461.jpg 624w\" sizes=\"(max-width: 1024px) 100vw, 1024px\" \/><\/a> <a href=\"http:\/\/aeroclub-abbeville.fr\/wp-content\/uploads\/2015\/08\/SCAN0025.jpg\"><img decoding=\"async\" class=\"aligncenter size-full wp-image-1188\" src=\"http:\/\/aeroclub-abbeville.fr\/wp-content\/uploads\/2015\/08\/SCAN0025.jpg\" alt=\"SCAN0025\" width=\"788\" height=\"1024\" srcset=\"http:\/\/aeroclub-abbeville.fr\/wp-content\/uploads\/2015\/08\/SCAN0025.jpg 788w, http:\/\/aeroclub-abbeville.fr\/wp-content\/uploads\/2015\/08\/SCAN0025-369x480.jpg 369w, http:\/\/aeroclub-abbeville.fr\/wp-content\/uploads\/2015\/08\/SCAN0025-624x810.jpg 624w\" sizes=\"(max-width: 788px) 100vw, 788px\" \/><\/a><\/h3>\n<h3>Un article du Courrier Picard<\/h3>\n<p><a href=\"http:\/\/aeroclub-abbeville.fr\/wp-content\/uploads\/2015\/08\/SCAN0026.jpg\"><img decoding=\"async\" class=\"aligncenter size-full wp-image-1189\" src=\"http:\/\/aeroclub-abbeville.fr\/wp-content\/uploads\/2015\/08\/SCAN0026.jpg\" alt=\"SCAN0026\" width=\"859\" height=\"1024\" srcset=\"http:\/\/aeroclub-abbeville.fr\/wp-content\/uploads\/2015\/08\/SCAN0026.jpg 859w, http:\/\/aeroclub-abbeville.fr\/wp-content\/uploads\/2015\/08\/SCAN0026-402x480.jpg 402w, http:\/\/aeroclub-abbeville.fr\/wp-content\/uploads\/2015\/08\/SCAN0026-624x743.jpg 624w\" sizes=\"(max-width: 859px) 100vw, 859px\" \/><\/a><\/p>\n<p>&nbsp;<\/p>\n","protected":false},"excerpt":{"rendered":"<p>Arthur Monvoisin, p\u00e8re de Jean-Jacques, est d\u00e9c\u00e9d\u00e9 ce samedi dans sa 94 \u00e8me ann\u00e9e. Bien que n&rsquo;\u00e9tant pas lui m\u00eame pilote il fut Vice-Pr\u00e9sident de l&rsquo;a\u00e9ro-club de Picardie bas\u00e9 sur le terrain d&rsquo;Amiens-Glisy. Ing\u00e9nieur \u00e9lectronicien \u00e0 la SNCF, passionn\u00e9 de technique , il fut le concepteur en 1992 d&rsquo;un syst\u00e8me d&rsquo;allumage des feux de l&rsquo;a\u00e9rodrome [&hellip;]<\/p>\n","protected":false},"author":2,"featured_media":0,"comment_status":"open","ping_status":"open","sticky":false,"template":"","format":"standard","meta":{"inline_featured_image":false,"footnotes":""},"categories":[2,3,26,14],"tags":[],"class_list":["post-1186","post","type-post","status-publish","format-standard","hentry","category-avion","category-club","category-histoire","category-presse"],"_links":{"self":[{"href":"http:\/\/aeroclub-abbeville.fr\/index.php?rest_route=\/wp\/v2\/posts\/1186","targetHints":{"allow":["GET"]}}],"collection":[{"href":"http:\/\/aeroclub-abbeville.fr\/index.php?rest_route=\/wp\/v2\/posts"}],"about":[{"href":"http:\/\/aeroclub-abbeville.fr\/index.php?rest_route=\/wp\/v2\/types\/post"}],"author":[{"embeddable":true,"href":"http:\/\/aeroclub-abbeville.fr\/index.php?rest_route=\/wp\/v2\/users\/2"}],"replies":[{"embeddable":true,"href":"http:\/\/aeroclub-abbeville.fr\/index.php?rest_route=%2Fwp%2Fv2%2Fcomments&post=1186"}],"version-history":[{"count":4,"href":"http:\/\/aeroclub-abbeville.fr\/index.php?rest_route=\/wp\/v2\/posts\/1186\/revisions"}],"predecessor-version":[{"id":1193,"href":"http:\/\/aeroclub-abbeville.fr\/index.php?rest_route=\/wp\/v2\/posts\/1186\/revisions\/1193"}],"wp:attachment":[{"href":"http:\/\/aeroclub-abbeville.fr\/index.php?rest_route=%2Fwp%2Fv2%2Fmedia&parent=1186"}],"wp:term":[{"taxonomy":"category","embeddable":true,"href":"http:\/\/aeroclub-abbeville.fr\/index.php?rest_route=%2Fwp%2Fv2%2Fcategories&post=1186"},{"taxonomy":"post_tag","embeddable":true,"href":"http:\/\/aeroclub-abbeville.fr\/index.php?rest_route=%2Fwp%2Fv2%2Ftags&post=1186"}],"curies":[{"name":"wp","href":"https:\/\/api.w.org\/{rel}","templated":true}]}}