{"id":1280,"date":"2015-11-12T22:01:13","date_gmt":"2015-11-12T21:01:13","guid":{"rendered":"http:\/\/aeroclub-abbeville.fr\/?p=1280"},"modified":"2015-11-12T22:01:13","modified_gmt":"2015-11-12T21:01:13","slug":"derniers-vols","status":"publish","type":"post","link":"http:\/\/aeroclub-abbeville.fr\/?p=1280","title":{"rendered":"Derniers vols"},"content":{"rendered":"<p><a href=\"http:\/\/aeroclub-abbeville.fr\/wp-content\/uploads\/2015\/11\/DSC_0695.jpg\"><img fetchpriority=\"high\" decoding=\"async\" src=\"http:\/\/aeroclub-abbeville.fr\/wp-content\/uploads\/2015\/11\/DSC_0695-480x319.jpg\" alt=\"DSC_0695\" width=\"480\" height=\"319\" class=\"alignnone size-medium wp-image-1305\" srcset=\"http:\/\/aeroclub-abbeville.fr\/wp-content\/uploads\/2015\/11\/DSC_0695-480x319.jpg 480w, http:\/\/aeroclub-abbeville.fr\/wp-content\/uploads\/2015\/11\/DSC_0695-624x415.jpg 624w, http:\/\/aeroclub-abbeville.fr\/wp-content\/uploads\/2015\/11\/DSC_0695.jpg 800w\" sizes=\"(max-width: 480px) 100vw, 480px\" \/><\/a><\/p>\n<p>C&rsquo;est en cette fin octobre qu&rsquo;avions et planeur sont de sortie pour rendre un dernier hommage \u00e0 Jean Aujoux.<br \/>\nJean fut pr\u00e9sident de l&rsquo;a\u00e9roclub pendant plus de 9 ans de 1989 \u00e0 1998. Il fut aussi le responsable de l\u2019atelier durant de tr\u00e8s longues ann\u00e9es.<br \/>\nNous le remercions pour tout ce qu&rsquo;il nous a apport\u00e9 .<\/p>\n<p><a href=\"http:\/\/aeroclub-abbeville.fr\/wp-content\/uploads\/2015\/11\/DSC_0631.jpg\"><img decoding=\"async\" src=\"http:\/\/aeroclub-abbeville.fr\/wp-content\/uploads\/2015\/11\/DSC_0631-480x319.jpg\" alt=\"DSC_0631\" width=\"480\" height=\"319\" class=\"alignnone size-medium wp-image-1304\" srcset=\"http:\/\/aeroclub-abbeville.fr\/wp-content\/uploads\/2015\/11\/DSC_0631-480x319.jpg 480w, http:\/\/aeroclub-abbeville.fr\/wp-content\/uploads\/2015\/11\/DSC_0631-624x415.jpg 624w, http:\/\/aeroclub-abbeville.fr\/wp-content\/uploads\/2015\/11\/DSC_0631.jpg 800w\" sizes=\"(max-width: 480px) 100vw, 480px\" \/><\/a><br \/>\n<a href=\"http:\/\/aeroclub-abbeville.fr\/wp-content\/uploads\/2015\/11\/DSC_0691_petite.jpg\"><img decoding=\"async\" src=\"http:\/\/aeroclub-abbeville.fr\/wp-content\/uploads\/2015\/11\/DSC_0691_petite-480x320.jpg\" alt=\"DSC_0691_petite\" width=\"480\" height=\"320\" class=\"alignnone size-medium wp-image-1300\" srcset=\"http:\/\/aeroclub-abbeville.fr\/wp-content\/uploads\/2015\/11\/DSC_0691_petite-480x320.jpg 480w, http:\/\/aeroclub-abbeville.fr\/wp-content\/uploads\/2015\/11\/DSC_0691_petite-624x416.jpg 624w, http:\/\/aeroclub-abbeville.fr\/wp-content\/uploads\/2015\/11\/DSC_0691_petite.jpg 800w\" sizes=\"(max-width: 480px) 100vw, 480px\" \/><\/a><\/p>\n","protected":false},"excerpt":{"rendered":"<p>C&rsquo;est en cette fin octobre qu&rsquo;avions et planeur sont de sortie pour rendre un dernier hommage \u00e0 Jean Aujoux. Jean fut pr\u00e9sident de l&rsquo;a\u00e9roclub pendant plus de 9 ans de 1989 \u00e0 1998. Il fut aussi le responsable de l\u2019atelier durant de tr\u00e8s longues ann\u00e9es. Nous le remercions pour tout ce qu&rsquo;il nous a apport\u00e9 [&hellip;]<\/p>\n","protected":false},"author":4,"featured_media":0,"comment_status":"open","ping_status":"open","sticky":false,"template":"","format":"standard","meta":{"inline_featured_image":false,"footnotes":""},"categories":[1],"tags":[],"class_list":["post-1280","post","type-post","status-publish","format-standard","hentry","category-non-classe"],"_links":{"self":[{"href":"http:\/\/aeroclub-abbeville.fr\/index.php?rest_route=\/wp\/v2\/posts\/1280","targetHints":{"allow":["GET"]}}],"collection":[{"href":"http:\/\/aeroclub-abbeville.fr\/index.php?rest_route=\/wp\/v2\/posts"}],"about":[{"href":"http:\/\/aeroclub-abbeville.fr\/index.php?rest_route=\/wp\/v2\/types\/post"}],"author":[{"embeddable":true,"href":"http:\/\/aeroclub-abbeville.fr\/index.php?rest_route=\/wp\/v2\/users\/4"}],"replies":[{"embeddable":true,"href":"http:\/\/aeroclub-abbeville.fr\/index.php?rest_route=%2Fwp%2Fv2%2Fcomments&post=1280"}],"version-history":[{"count":11,"href":"http:\/\/aeroclub-abbeville.fr\/index.php?rest_route=\/wp\/v2\/posts\/1280\/revisions"}],"predecessor-version":[{"id":1308,"href":"http:\/\/aeroclub-abbeville.fr\/index.php?rest_route=\/wp\/v2\/posts\/1280\/revisions\/1308"}],"wp:attachment":[{"href":"http:\/\/aeroclub-abbeville.fr\/index.php?rest_route=%2Fwp%2Fv2%2Fmedia&parent=1280"}],"wp:term":[{"taxonomy":"category","embeddable":true,"href":"http:\/\/aeroclub-abbeville.fr\/index.php?rest_route=%2Fwp%2Fv2%2Fcategories&post=1280"},{"taxonomy":"post_tag","embeddable":true,"href":"http:\/\/aeroclub-abbeville.fr\/index.php?rest_route=%2Fwp%2Fv2%2Ftags&post=1280"}],"curies":[{"name":"wp","href":"https:\/\/api.w.org\/{rel}","templated":true}]}}