{"id":129,"date":"2013-09-19T20:31:30","date_gmt":"2013-09-19T19:31:30","guid":{"rendered":"http:\/\/web.aeroclub-abbeville.fr\/aeroclub\/?p=129"},"modified":"2013-09-19T20:31:30","modified_gmt":"2013-09-19T19:31:30","slug":"promotion-bia-au-lycee-boucher-de-perthes","status":"publish","type":"post","link":"http:\/\/aeroclub-abbeville.fr\/?p=129","title":{"rendered":"Promotion BIA au Lyc\u00e9e Boucher de Perthes"},"content":{"rendered":"<p>Gros moyens utilis\u00e9s pour la promotion du BIA 2014!<br \/>\nLes panneaux vu du ciel \u00e9taient de sortie ainsi que le simulateur et un planeur le jeudi 19 septembre 2014.<br \/>\nUn grand merci \u00e0 Olivier, Thomas, Louis et Jean Jacques pour cette exposition au lyc\u00e9e Boucher de Perthes d&rsquo;Abbeville et la conf\u00e9rence.<br \/>\n<a title=\"img_5527.jpg\" href=\"http:\/\/wiki.aeroclub-abbeville.fr\/lib\/exe\/detail.php\/img_5527.jpg?id=Accueil\"><img decoding=\"async\" alt=\"\" src=\"http:\/\/wiki.aeroclub-abbeville.fr\/lib\/exe\/fetch.php\/img_5527.jpg?w=300\" width=\"300\" \/><\/a><br \/>\n<a title=\"img_5531.jpg\" href=\"http:\/\/wiki.aeroclub-abbeville.fr\/lib\/exe\/detail.php\/img_5531.jpg?id=Accueil\"><img decoding=\"async\" alt=\"\" src=\"http:\/\/wiki.aeroclub-abbeville.fr\/lib\/exe\/fetch.php\/img_5531.jpg?w=300\" width=\"300\" \/><\/a><\/p>\n","protected":false},"excerpt":{"rendered":"<p>Gros moyens utilis\u00e9s pour la promotion du BIA 2014! Les panneaux vu du ciel \u00e9taient de sortie ainsi que le simulateur et un planeur le jeudi 19 septembre 2014. Un grand merci \u00e0 Olivier, Thomas, Louis et Jean Jacques pour cette exposition au lyc\u00e9e Boucher de Perthes d&rsquo;Abbeville et la conf\u00e9rence.<\/p>\n","protected":false},"author":67,"featured_media":0,"comment_status":"open","ping_status":"open","sticky":false,"template":"","format":"standard","meta":{"inline_featured_image":false,"footnotes":""},"categories":[22,6],"tags":[],"class_list":["post-129","post","type-post","status-publish","format-standard","hentry","category-bia","category-formation"],"_links":{"self":[{"href":"http:\/\/aeroclub-abbeville.fr\/index.php?rest_route=\/wp\/v2\/posts\/129","targetHints":{"allow":["GET"]}}],"collection":[{"href":"http:\/\/aeroclub-abbeville.fr\/index.php?rest_route=\/wp\/v2\/posts"}],"about":[{"href":"http:\/\/aeroclub-abbeville.fr\/index.php?rest_route=\/wp\/v2\/types\/post"}],"author":[{"embeddable":true,"href":"http:\/\/aeroclub-abbeville.fr\/index.php?rest_route=\/wp\/v2\/users\/67"}],"replies":[{"embeddable":true,"href":"http:\/\/aeroclub-abbeville.fr\/index.php?rest_route=%2Fwp%2Fv2%2Fcomments&post=129"}],"version-history":[{"count":0,"href":"http:\/\/aeroclub-abbeville.fr\/index.php?rest_route=\/wp\/v2\/posts\/129\/revisions"}],"wp:attachment":[{"href":"http:\/\/aeroclub-abbeville.fr\/index.php?rest_route=%2Fwp%2Fv2%2Fmedia&parent=129"}],"wp:term":[{"taxonomy":"category","embeddable":true,"href":"http:\/\/aeroclub-abbeville.fr\/index.php?rest_route=%2Fwp%2Fv2%2Fcategories&post=129"},{"taxonomy":"post_tag","embeddable":true,"href":"http:\/\/aeroclub-abbeville.fr\/index.php?rest_route=%2Fwp%2Fv2%2Ftags&post=129"}],"curies":[{"name":"wp","href":"https:\/\/api.w.org\/{rel}","templated":true}]}}