{"id":131,"date":"2013-08-31T20:33:29","date_gmt":"2013-08-31T19:33:29","guid":{"rendered":"http:\/\/web.aeroclub-abbeville.fr\/aeroclub\/?p=131"},"modified":"2014-02-02T19:47:04","modified_gmt":"2014-02-02T18:47:04","slug":"championnat-de-france-juniors","status":"publish","type":"post","link":"http:\/\/aeroclub-abbeville.fr\/?p=131","title":{"rendered":"Championnat de France juniors"},"content":{"rendered":"<p>Cette ann\u00e9e encore, trois jeunes abbevillois ont particip\u00e9 au championnat de France de vol \u00e0 voile qui s&rsquo;est d\u00e9roul\u00e9 \u00e0 la Roche-Sur-Yon du 17 au 24 ao\u00fbt 2013.<br \/>\nCe championnat s&rsquo;est d\u00e9roul\u00e9 dans la bonne ambiance et la bonne humeur avec des Yonnais tr\u00e8s accueillants.<br \/>\nAvec une m\u00e9t\u00e9o plut\u00f4t cl\u00e9mente, les jeunes ont pu r\u00e9aliser cinq vols sur les sept jours de concours.<br \/>\nEntre vaches et circuits boucl\u00e9s, les jeunes Abbevillois ont d\u00e9couvert une r\u00e9gion qu&rsquo;ils ne connaissaient gu\u00e8re.<br \/>\nA l&rsquo;issue de ce championnat de France Junior 2013:<\/p>\n<ul>\n<li>\n<div>Simon Caudrelier finit 3\u00e8me<\/div>\n<\/li>\n<li>\n<div>Victor Roussel finit 6\u00e8me<\/div>\n<\/li>\n<li>\n<div>Thibault Dugardin finit 35\u00e8me<\/div>\n<\/li>\n<\/ul>\n<p><a title=\"https:\/\/plus.google.com\/photos\/112727167357948829829\/albums\/5916411668597409393\" href=\"https:\/\/plus.google.com\/photos\/112727167357948829829\/albums\/5916411668597409393\" rel=\"nofollow\">Autres photos<\/a><\/p>\n<p><a title=\"cdf_2013.jpg\" href=\"http:\/\/wiki.aeroclub-abbeville.fr\/lib\/exe\/detail.php\/cdf_2013.jpg?id=Accueil\"><img decoding=\"async\" class=\"aligncenter\" alt=\"\" src=\"http:\/\/wiki.aeroclub-abbeville.fr\/lib\/exe\/fetch.php\/cdf_2013.jpg?w=400\" width=\"400\" \/><\/a><\/p>\n","protected":false},"excerpt":{"rendered":"<p>Cette ann\u00e9e encore, trois jeunes abbevillois ont particip\u00e9 au championnat de France de vol \u00e0 voile qui s&rsquo;est d\u00e9roul\u00e9 \u00e0 la Roche-Sur-Yon du 17 au 24 ao\u00fbt 2013. Ce championnat s&rsquo;est d\u00e9roul\u00e9 dans la bonne ambiance et la bonne humeur avec des Yonnais tr\u00e8s accueillants. Avec une m\u00e9t\u00e9o plut\u00f4t cl\u00e9mente, les jeunes ont pu r\u00e9aliser [&hellip;]<\/p>\n","protected":false},"author":67,"featured_media":0,"comment_status":"open","ping_status":"open","sticky":false,"template":"","format":"standard","meta":{"inline_featured_image":false,"footnotes":""},"categories":[4,13,19],"tags":[],"class_list":["post-131","post","type-post","status-publish","format-standard","hentry","category-competitions","category-planeur","category-vol-a-voile"],"_links":{"self":[{"href":"http:\/\/aeroclub-abbeville.fr\/index.php?rest_route=\/wp\/v2\/posts\/131","targetHints":{"allow":["GET"]}}],"collection":[{"href":"http:\/\/aeroclub-abbeville.fr\/index.php?rest_route=\/wp\/v2\/posts"}],"about":[{"href":"http:\/\/aeroclub-abbeville.fr\/index.php?rest_route=\/wp\/v2\/types\/post"}],"author":[{"embeddable":true,"href":"http:\/\/aeroclub-abbeville.fr\/index.php?rest_route=\/wp\/v2\/users\/67"}],"replies":[{"embeddable":true,"href":"http:\/\/aeroclub-abbeville.fr\/index.php?rest_route=%2Fwp%2Fv2%2Fcomments&post=131"}],"version-history":[{"count":3,"href":"http:\/\/aeroclub-abbeville.fr\/index.php?rest_route=\/wp\/v2\/posts\/131\/revisions"}],"predecessor-version":[{"id":375,"href":"http:\/\/aeroclub-abbeville.fr\/index.php?rest_route=\/wp\/v2\/posts\/131\/revisions\/375"}],"wp:attachment":[{"href":"http:\/\/aeroclub-abbeville.fr\/index.php?rest_route=%2Fwp%2Fv2%2Fmedia&parent=131"}],"wp:term":[{"taxonomy":"category","embeddable":true,"href":"http:\/\/aeroclub-abbeville.fr\/index.php?rest_route=%2Fwp%2Fv2%2Fcategories&post=131"},{"taxonomy":"post_tag","embeddable":true,"href":"http:\/\/aeroclub-abbeville.fr\/index.php?rest_route=%2Fwp%2Fv2%2Ftags&post=131"}],"curies":[{"name":"wp","href":"https:\/\/api.w.org\/{rel}","templated":true}]}}