{"id":1310,"date":"2015-11-20T09:40:17","date_gmt":"2015-11-20T08:40:17","guid":{"rendered":"http:\/\/aeroclub-abbeville.fr\/?p=1310"},"modified":"2015-11-20T09:40:17","modified_gmt":"2015-11-20T08:40:17","slug":"carnet-noir-7","status":"publish","type":"post","link":"http:\/\/aeroclub-abbeville.fr\/?p=1310","title":{"rendered":"Carnet noir"},"content":{"rendered":"<p><a href=\"http:\/\/aeroclub-abbeville.fr\/wp-content\/uploads\/2015\/11\/Michel-Bellegueille2.jpg\"><img decoding=\"async\" class=\"aligncenter wp-image-1311\" src=\"http:\/\/aeroclub-abbeville.fr\/wp-content\/uploads\/2015\/11\/Michel-Bellegueille2.jpg\" alt=\"Michel Bellegueille2\" width=\"150\" height=\"244\" \/><\/a>Nous avons l\u2019immense peine de vous faire part du d\u00e9c\u00e8s de Michel BELLEGUEILLE.<br \/>\nIl a \u00e9t\u00e9 vice pr\u00e9sident de l\u2019a\u00e9roclub et responsable de la section vol \u00e0 voile de 1998 \u00e0 2007.<br \/>\nSes obs\u00e8ques civiles auront lieu ce samedi 21 novembre \u00e0 14h30 \u00e0 HAVERNAS.<\/p>\n","protected":false},"excerpt":{"rendered":"<p>Nous avons l\u2019immense peine de vous faire part du d\u00e9c\u00e8s de Michel BELLEGUEILLE. Il a \u00e9t\u00e9 vice pr\u00e9sident de l\u2019a\u00e9roclub et responsable de la section vol \u00e0 voile de 1998 \u00e0 2007. Ses obs\u00e8ques civiles auront lieu ce samedi 21 novembre \u00e0 14h30 \u00e0 HAVERNAS.<\/p>\n","protected":false},"author":2,"featured_media":0,"comment_status":"open","ping_status":"open","sticky":false,"template":"","format":"standard","meta":{"inline_featured_image":false,"footnotes":""},"categories":[3,18,19],"tags":[],"class_list":["post-1310","post","type-post","status-publish","format-standard","hentry","category-club","category-vie-du-club","category-vol-a-voile"],"_links":{"self":[{"href":"http:\/\/aeroclub-abbeville.fr\/index.php?rest_route=\/wp\/v2\/posts\/1310","targetHints":{"allow":["GET"]}}],"collection":[{"href":"http:\/\/aeroclub-abbeville.fr\/index.php?rest_route=\/wp\/v2\/posts"}],"about":[{"href":"http:\/\/aeroclub-abbeville.fr\/index.php?rest_route=\/wp\/v2\/types\/post"}],"author":[{"embeddable":true,"href":"http:\/\/aeroclub-abbeville.fr\/index.php?rest_route=\/wp\/v2\/users\/2"}],"replies":[{"embeddable":true,"href":"http:\/\/aeroclub-abbeville.fr\/index.php?rest_route=%2Fwp%2Fv2%2Fcomments&post=1310"}],"version-history":[{"count":1,"href":"http:\/\/aeroclub-abbeville.fr\/index.php?rest_route=\/wp\/v2\/posts\/1310\/revisions"}],"predecessor-version":[{"id":1312,"href":"http:\/\/aeroclub-abbeville.fr\/index.php?rest_route=\/wp\/v2\/posts\/1310\/revisions\/1312"}],"wp:attachment":[{"href":"http:\/\/aeroclub-abbeville.fr\/index.php?rest_route=%2Fwp%2Fv2%2Fmedia&parent=1310"}],"wp:term":[{"taxonomy":"category","embeddable":true,"href":"http:\/\/aeroclub-abbeville.fr\/index.php?rest_route=%2Fwp%2Fv2%2Fcategories&post=1310"},{"taxonomy":"post_tag","embeddable":true,"href":"http:\/\/aeroclub-abbeville.fr\/index.php?rest_route=%2Fwp%2Fv2%2Ftags&post=1310"}],"curies":[{"name":"wp","href":"https:\/\/api.w.org\/{rel}","templated":true}]}}