{"id":133,"date":"2013-09-01T20:34:58","date_gmt":"2013-09-01T19:34:58","guid":{"rendered":"http:\/\/web.aeroclub-abbeville.fr\/aeroclub\/?p=133"},"modified":"2013-09-01T20:34:58","modified_gmt":"2013-09-01T19:34:58","slug":"reunion-dinformation-bia-2013-2014","status":"publish","type":"post","link":"http:\/\/aeroclub-abbeville.fr\/?p=133","title":{"rendered":"R\u00e9union d&rsquo;information BIA 2013-2014"},"content":{"rendered":"<p>En vue de la reprise des cours pour la session 2013 &#8211; 2014, une s\u00e9ance d&rsquo;information se tiendra dans la salle de cours de l&rsquo;a\u00e9ro-club le samedi 21 septembre \u00e0 17 heures. Une notice au format <acronym title=\"Portable Document Format\">PDF<\/acronym> peut \u00eatre t\u00e9l\u00e9charg\u00e9e <a title=\"bia.pdf\" href=\"http:\/\/wiki.aeroclub-abbeville.fr\/lib\/exe\/fetch.php\/bia.pdf\">ICI<\/a><\/p>\n","protected":false},"excerpt":{"rendered":"<p>En vue de la reprise des cours pour la session 2013 &#8211; 2014, une s\u00e9ance d&rsquo;information se tiendra dans la salle de cours de l&rsquo;a\u00e9ro-club le samedi 21 septembre \u00e0 17 heures. Une notice au format PDF peut \u00eatre t\u00e9l\u00e9charg\u00e9e ICI<\/p>\n","protected":false},"author":67,"featured_media":0,"comment_status":"open","ping_status":"open","sticky":false,"template":"","format":"standard","meta":{"inline_featured_image":false,"footnotes":""},"categories":[22,6],"tags":[],"class_list":["post-133","post","type-post","status-publish","format-standard","hentry","category-bia","category-formation"],"_links":{"self":[{"href":"http:\/\/aeroclub-abbeville.fr\/index.php?rest_route=\/wp\/v2\/posts\/133","targetHints":{"allow":["GET"]}}],"collection":[{"href":"http:\/\/aeroclub-abbeville.fr\/index.php?rest_route=\/wp\/v2\/posts"}],"about":[{"href":"http:\/\/aeroclub-abbeville.fr\/index.php?rest_route=\/wp\/v2\/types\/post"}],"author":[{"embeddable":true,"href":"http:\/\/aeroclub-abbeville.fr\/index.php?rest_route=\/wp\/v2\/users\/67"}],"replies":[{"embeddable":true,"href":"http:\/\/aeroclub-abbeville.fr\/index.php?rest_route=%2Fwp%2Fv2%2Fcomments&post=133"}],"version-history":[{"count":0,"href":"http:\/\/aeroclub-abbeville.fr\/index.php?rest_route=\/wp\/v2\/posts\/133\/revisions"}],"wp:attachment":[{"href":"http:\/\/aeroclub-abbeville.fr\/index.php?rest_route=%2Fwp%2Fv2%2Fmedia&parent=133"}],"wp:term":[{"taxonomy":"category","embeddable":true,"href":"http:\/\/aeroclub-abbeville.fr\/index.php?rest_route=%2Fwp%2Fv2%2Fcategories&post=133"},{"taxonomy":"post_tag","embeddable":true,"href":"http:\/\/aeroclub-abbeville.fr\/index.php?rest_route=%2Fwp%2Fv2%2Ftags&post=133"}],"curies":[{"name":"wp","href":"https:\/\/api.w.org\/{rel}","templated":true}]}}