{"id":1350,"date":"2016-02-22T16:44:07","date_gmt":"2016-02-22T15:44:07","guid":{"rendered":"http:\/\/aeroclub-abbeville.fr\/?p=1350"},"modified":"2016-02-22T16:44:55","modified_gmt":"2016-02-22T15:44:55","slug":"exposition-dun-planeur-au-lycee-st-pierre","status":"publish","type":"post","link":"http:\/\/aeroclub-abbeville.fr\/?p=1350","title":{"rendered":"Exposition d&rsquo;un planeur au lyc\u00e9e St Pierre"},"content":{"rendered":"<p>Le jeudi 28 janvier 2016, le club de Vol \u00e0 Voile d\u2019Abbeville a particip\u00e9 au forum des m\u00e9tiers et des carri\u00e8res du lyc\u00e9e St Pierre d\u2019Abbeville, en exposant plusieurs affiches, un simulateur de planeur ainsi qu\u2019un planeur. Le matin a eu lieu la pr\u00e9sentation du club \u00e0 toutes les classes de 1\u00e8re et de terminale  L\u2019exposition du simulateur a bien fonctionn\u00e9, en esp\u00e9rant avoir attir\u00e9 le plus de monde pour l\u2019a\u00e9rodrome.<br \/>\nRemerc\u00eements aux membres du club pr\u00e9sent pour aider et s\u2019occuper de l\u2019exposition : Olivier Caudrelier, Suzanne Caudrelier, Gabrielle Caudrelier, Enzo Molinier, Julien Gradel et Alexandre Fierain.<br \/>\nV\u00e9livolement.<\/p>\n<p><a href=\"http:\/\/aeroclub-abbeville.fr\/wp-content\/uploads\/2016\/02\/12647182_688886571246622_643369440497066399_n.jpg\"><img fetchpriority=\"high\" decoding=\"async\" src=\"http:\/\/aeroclub-abbeville.fr\/wp-content\/uploads\/2016\/02\/12647182_688886571246622_643369440497066399_n-480x270.jpg\" alt=\"12647182_688886571246622_643369440497066399_n\" width=\"480\" height=\"270\" class=\"alignnone size-medium wp-image-1351\" srcset=\"http:\/\/aeroclub-abbeville.fr\/wp-content\/uploads\/2016\/02\/12647182_688886571246622_643369440497066399_n-480x270.jpg 480w, http:\/\/aeroclub-abbeville.fr\/wp-content\/uploads\/2016\/02\/12647182_688886571246622_643369440497066399_n-624x351.jpg 624w, http:\/\/aeroclub-abbeville.fr\/wp-content\/uploads\/2016\/02\/12647182_688886571246622_643369440497066399_n.jpg 960w\" sizes=\"(max-width: 480px) 100vw, 480px\" \/><\/a><\/p>\n","protected":false},"excerpt":{"rendered":"<p>Le jeudi 28 janvier 2016, le club de Vol \u00e0 Voile d\u2019Abbeville a particip\u00e9 au forum des m\u00e9tiers et des carri\u00e8res du lyc\u00e9e St Pierre d\u2019Abbeville, en exposant plusieurs affiches, un simulateur de planeur ainsi qu\u2019un planeur. Le matin a eu lieu la pr\u00e9sentation du club \u00e0 toutes les classes de 1\u00e8re et de terminale [&hellip;]<\/p>\n","protected":false},"author":4,"featured_media":0,"comment_status":"open","ping_status":"open","sticky":false,"template":"","format":"standard","meta":{"inline_featured_image":false,"footnotes":""},"categories":[20,3,1,13,18,19],"tags":[],"class_list":["post-1350","post","type-post","status-publish","format-standard","hentry","category-actualites","category-club","category-non-classe","category-planeur","category-vie-du-club","category-vol-a-voile"],"_links":{"self":[{"href":"http:\/\/aeroclub-abbeville.fr\/index.php?rest_route=\/wp\/v2\/posts\/1350","targetHints":{"allow":["GET"]}}],"collection":[{"href":"http:\/\/aeroclub-abbeville.fr\/index.php?rest_route=\/wp\/v2\/posts"}],"about":[{"href":"http:\/\/aeroclub-abbeville.fr\/index.php?rest_route=\/wp\/v2\/types\/post"}],"author":[{"embeddable":true,"href":"http:\/\/aeroclub-abbeville.fr\/index.php?rest_route=\/wp\/v2\/users\/4"}],"replies":[{"embeddable":true,"href":"http:\/\/aeroclub-abbeville.fr\/index.php?rest_route=%2Fwp%2Fv2%2Fcomments&post=1350"}],"version-history":[{"count":3,"href":"http:\/\/aeroclub-abbeville.fr\/index.php?rest_route=\/wp\/v2\/posts\/1350\/revisions"}],"predecessor-version":[{"id":1354,"href":"http:\/\/aeroclub-abbeville.fr\/index.php?rest_route=\/wp\/v2\/posts\/1350\/revisions\/1354"}],"wp:attachment":[{"href":"http:\/\/aeroclub-abbeville.fr\/index.php?rest_route=%2Fwp%2Fv2%2Fmedia&parent=1350"}],"wp:term":[{"taxonomy":"category","embeddable":true,"href":"http:\/\/aeroclub-abbeville.fr\/index.php?rest_route=%2Fwp%2Fv2%2Fcategories&post=1350"},{"taxonomy":"post_tag","embeddable":true,"href":"http:\/\/aeroclub-abbeville.fr\/index.php?rest_route=%2Fwp%2Fv2%2Ftags&post=1350"}],"curies":[{"name":"wp","href":"https:\/\/api.w.org\/{rel}","templated":true}]}}