{"id":136,"date":"2013-08-27T21:11:40","date_gmt":"2013-08-27T20:11:40","guid":{"rendered":"http:\/\/web.aeroclub-abbeville.fr\/aeroclub\/?p=136"},"modified":"2013-08-27T21:11:40","modified_gmt":"2013-08-27T20:11:40","slug":"un-lache-supplementaire-aujourdhui","status":"publish","type":"post","link":"http:\/\/aeroclub-abbeville.fr\/?p=136","title":{"rendered":"Un l\u00e2ch\u00e9 suppl\u00e9mentaire aujourd&rsquo;hui"},"content":{"rendered":"<p>Apr\u00e8s plusieurs heures pass\u00e9es dans le ciel Picard et Aubois, Justine Pl\u00e9 a \u00e9t\u00e9 l\u00e2ch\u00e9e en planeur ce mardi 27 ao\u00fbt 2013.<br \/>\nNous lui souhaitons plein de beaux vols.<\/p>\n<p><a title=\"1167746_10200611327309897_475208734_n.jpg\" href=\"http:\/\/wiki.aeroclub-abbeville.fr\/lib\/exe\/detail.php\/1167746_10200611327309897_475208734_n.jpg?id=Accueil\"><img decoding=\"async\" title=\"1167746_10200611327309897_475208734_n.jpg\" alt=\"1167746_10200611327309897_475208734_n.jpg\" src=\"http:\/\/wiki.aeroclub-abbeville.fr\/lib\/exe\/fetch.php\/1167746_10200611327309897_475208734_n.jpg?w=400\" width=\"400\" \/><\/a><\/p>\n","protected":false},"excerpt":{"rendered":"<p>Apr\u00e8s plusieurs heures pass\u00e9es dans le ciel Picard et Aubois, Justine Pl\u00e9 a \u00e9t\u00e9 l\u00e2ch\u00e9e en planeur ce mardi 27 ao\u00fbt 2013. Nous lui souhaitons plein de beaux vols.<\/p>\n","protected":false},"author":67,"featured_media":0,"comment_status":"open","ping_status":"open","sticky":false,"template":"","format":"standard","meta":{"inline_featured_image":false,"footnotes":""},"categories":[6,8,13],"tags":[],"class_list":["post-136","post","type-post","status-publish","format-standard","hentry","category-formation","category-formation_planeur","category-planeur"],"_links":{"self":[{"href":"http:\/\/aeroclub-abbeville.fr\/index.php?rest_route=\/wp\/v2\/posts\/136","targetHints":{"allow":["GET"]}}],"collection":[{"href":"http:\/\/aeroclub-abbeville.fr\/index.php?rest_route=\/wp\/v2\/posts"}],"about":[{"href":"http:\/\/aeroclub-abbeville.fr\/index.php?rest_route=\/wp\/v2\/types\/post"}],"author":[{"embeddable":true,"href":"http:\/\/aeroclub-abbeville.fr\/index.php?rest_route=\/wp\/v2\/users\/67"}],"replies":[{"embeddable":true,"href":"http:\/\/aeroclub-abbeville.fr\/index.php?rest_route=%2Fwp%2Fv2%2Fcomments&post=136"}],"version-history":[{"count":0,"href":"http:\/\/aeroclub-abbeville.fr\/index.php?rest_route=\/wp\/v2\/posts\/136\/revisions"}],"wp:attachment":[{"href":"http:\/\/aeroclub-abbeville.fr\/index.php?rest_route=%2Fwp%2Fv2%2Fmedia&parent=136"}],"wp:term":[{"taxonomy":"category","embeddable":true,"href":"http:\/\/aeroclub-abbeville.fr\/index.php?rest_route=%2Fwp%2Fv2%2Fcategories&post=136"},{"taxonomy":"post_tag","embeddable":true,"href":"http:\/\/aeroclub-abbeville.fr\/index.php?rest_route=%2Fwp%2Fv2%2Ftags&post=136"}],"curies":[{"name":"wp","href":"https:\/\/api.w.org\/{rel}","templated":true}]}}