{"id":1362,"date":"2016-03-17T07:23:43","date_gmt":"2016-03-17T06:23:43","guid":{"rendered":"http:\/\/aeroclub-abbeville.fr\/?p=1362"},"modified":"2016-03-17T07:23:43","modified_gmt":"2016-03-17T06:23:43","slug":"assemblee-generale-2016","status":"publish","type":"post","link":"http:\/\/aeroclub-abbeville.fr\/?p=1362","title":{"rendered":"Assembl\u00e9e G\u00e9n\u00e9rale 2016"},"content":{"rendered":"<p>L\u2019Assembl\u00e9e G\u00e9n\u00e9rale annuelle de l\u2019A\u00e9ro-Club aura lieu le <strong>Samedi 2 avril 2016.<\/strong><\/p>\n<p>Elle sera pr\u00e9c\u00e9d\u00e9e d\u2019une Assembl\u00e9e G\u00e9n\u00e9rale Extraordinaire.<\/p>\n<p><strong><em>ORDRE DU JOUR<\/em><\/strong> :<\/p>\n<p><strong>Assembl\u00e9e G\u00e9n\u00e9rale Extraordinaire \u2013 Samedi 2 avril \u2013 17h<\/strong><br \/>\nModification des statuts et du r\u00e8glement int\u00e9rieur de l\u2019a\u00e9roclub<br \/>\n(voir plus loin)<\/p>\n<p><strong>Assembl\u00e9e G\u00e9n\u00e9rale Ordinaire \u2013 Samedi 2 avril \u2013 17h30<br \/>\n<\/strong>&#8211; Allocution d&rsquo;ouverture du Pr\u00e9sident<br \/>\n&#8211; Lecture du Proc\u00e8s-verbal de l&rsquo;Assembl\u00e9e G\u00e9n\u00e9rale pr\u00e9c\u00e9dente<br \/>\n&#8211; Rapport moral du Secr\u00e9taire G\u00e9n\u00e9ral<br \/>\n&#8211; Rapports d\u2019activit\u00e9 des diff\u00e9rentes sections<br \/>\n&#8211; Comptes rendus financiers<br \/>\n&#8211; Information s\u00e9curit\u00e9<br \/>\n&#8211; Renouvellement du tiers sortant r\u00e9\u00e9ligible<br \/>\n&#8211; Questions diverses<!--more--><\/p>\n<p><em>A l\u2019issue de l\u2019Assembl\u00e9e G\u00e9n\u00e9rale, un vin d\u2019honneur sera offert aux personnes pr\u00e9sentes.<\/em><strong><br \/>\n<\/strong><\/p>\n<p><strong><em>Sont sortants<\/em><\/strong> :<br \/>\nVol Moteur : Christophe ALEGRE, Pierre DARRAS, G\u00e9rard DELIGNIERES (d\u00e9missionnaire), Jean-Jacques MONVOISIN, Roland ROCQUE (d\u00e9missionnaire),<\/p>\n<p>Vol \u00e0 Voile : Fr\u00e9d\u00e9ric PEIGNOT, Suzanne CAUDRELIER (d\u00e9missionnaire),<\/p>\n<p>ULM\u00a0: Daniel TELLIER, Patrice FOURNIER (d\u00e9missionnaire),<\/p>\n<p>Non licenci\u00e9s\u00a0: 1 POSTE VACANT<\/p>\n<p>Les candidatures doivent \u00eatre adress\u00e9es \u00e0 l&rsquo;A\u00e9ro-Club avant le <strong>jeudi 31 mars 2016<\/strong> sur papier libre.<\/p>\n<p>Il est rappel\u00e9 que pour voter et \u00eatre \u00e9ligible au Conseil d&rsquo;Administration, il faut \u00eatre \u00e0 jour de sa cotisation 2016 et membre de l&rsquo;A\u00e9ro-Club depuis plus de 6 mois (Article 14 du R\u00e8glement Int\u00e9rieur).<\/p>\n<p>Merci de bien vouloir nous adresser vos \u00e9ventuelles questions avant l&rsquo;Assembl\u00e9e G\u00e9n\u00e9rale afin que nous puissions y apporter les meilleures r\u00e9ponses.<\/p>\n<p><a href=\"http:\/\/aeroclub-abbeville.fr\/wp-content\/uploads\/2016\/03\/menuag.jpg\"><img fetchpriority=\"high\" decoding=\"async\" class=\"aligncenter size-full wp-image-1364\" src=\"http:\/\/aeroclub-abbeville.fr\/wp-content\/uploads\/2016\/03\/menuag.jpg\" alt=\"menuag\" width=\"498\" height=\"678\" srcset=\"http:\/\/aeroclub-abbeville.fr\/wp-content\/uploads\/2016\/03\/menuag.jpg 498w, http:\/\/aeroclub-abbeville.fr\/wp-content\/uploads\/2016\/03\/menuag-352x480.jpg 352w\" sizes=\"(max-width: 498px) 100vw, 498px\" \/><\/a>Inscriptions sur la feuille de l&rsquo;accueil.<\/p>\n<hr \/>\n<p>&nbsp;<\/p>\n<p><strong>Assembl\u00e9e G\u00e9n\u00e9rale Extraordinaire &#8211; <em>Samedi 2 avril 2016 \u2013 17h<\/em><\/strong><\/p>\n<p><strong><em>\u00a0Proposition de modification des statuts et du r\u00e8glement int\u00e9rieur<\/em><\/strong><\/p>\n<p><em>\u00a0Le d\u00e9veloppement du coavionnage risquant de provoquer des d\u00e9rives susceptibles de mettre en difficult\u00e9 les a\u00e9roclubs (sur les plans de la s\u00e9curit\u00e9, de la r\u00e9glementation et de la fiscalit\u00e9), la F\u00e9d\u00e9ration Fran\u00e7aise A\u00e9ronautique invite les clubs \u00e0 se pr\u00e9munir en adoptant dans leurs statuts des mesures de r\u00e9gulation ou d\u2019interdiction.<\/em><\/p>\n<p><em>Elle propose de soumettre \u00e0 l\u2019assembl\u00e9e G\u00e9n\u00e9rale le texte suivant visant \u00e0 la modification des statuts\u00a0:<br \/>\n<\/em><\/p>\n<p><span style=\"color: #0000ff;\"><strong>Statuts <\/strong>=&gt; <strong><em>Texte \u00e0 ins\u00e9rer dans l\u2019article 20 : <\/em><\/strong><\/span><\/p>\n<p><span style=\"color: #0000ff;\"><strong><em>\u00ab <\/em><\/strong><strong>Le cadre des vols \u00e0 frais partag\u00e9s est pr\u00e9cis\u00e9 par le r\u00e8glement int\u00e9rieur \u00bb.<br \/>\n<\/strong><\/span><\/p>\n<p><span style=\"color: #0000ff;\"><strong>R\u00e8glement int\u00e9rieur <\/strong>=&gt; <strong><em>texte \u00e0 ins\u00e9rer dans l\u2019article 12 :<\/em><\/strong><\/span><\/p>\n<p><span style=\"color: #0000ff;\"><strong>Voyages et Vols \u00e0 frais partag\u00e9s<\/strong><\/span><\/p>\n<p><span style=\"color: #0000ff;\"><strong>Les vols \u00e0 frais partag\u00e9s sont r\u00e9alis\u00e9s dans le cadre du cercle de connaissance ou d\u2019affinit\u00e9 du pilote, \u00e0 savoir : le cercle de la famille, des amis, de son a\u00e9roclub ou des licenci\u00e9s de sa f\u00e9d\u00e9ration agr\u00e9\u00e9e par l\u2019Etat.<\/strong><\/span><\/p>\n<p><span style=\"color: #0000ff;\"><strong>Conform\u00e9ment \u00e0 la r\u00e9glementation en vigueur, seuls les co\u00fbts directs du vol sont partag\u00e9s entre tous les occupants de l\u2019appareil y compris le pilote, et le nombre de personnes supportant les co\u00fbts directs ne doit pas d\u00e9passer six.<\/strong><\/span><\/p>\n<p><span style=\"color: #0000ff;\"><strong>Doivent donc \u00eatre inclus dans le partage des frais uniquement : les co\u00fbts de mise \u00e0 disposition de l\u2019a\u00e9ronef (r\u00e9servation de l\u2019a\u00e9ronef et frais de carburant) et le cas \u00e9ch\u00e9ant, les redevances a\u00e9roportuaires inh\u00e9rentes au vol entrepris<\/strong><strong>1<\/strong><strong>.<\/strong><\/span><\/p>\n<p><span style=\"color: #0000ff;\"><strong>Les co\u00fbts directs du vol sont d\u00e9termin\u00e9s \u00e0 la fin du vol et partag\u00e9s entre le pilote et les autres occupants ayant pris effectivement part au vol.<\/strong><\/span><\/p>\n<p><span style=\"color: #0000ff;\"><strong>La d\u00e9cision d\u2019effectuer un vol \u00e0 frais partag\u00e9s appartient au pilote et \u00e0 lui seul.<\/strong><\/span><\/p>\n<p><span style=\"color: #0000ff;\"><strong>Le pilote d\u00e9cide seul de retarder ou d\u2019annuler le vol s\u2019il estime que l\u2019ensemble des conditions de s\u00e9curit\u00e9 (ex m\u00e9t\u00e9orologiques) et \/ ou r\u00e9glementaires ne sont pas r\u00e9unies.<\/strong><\/span><\/p>\n<p><span style=\"color: #0000ff;\"><strong>Le pilote ne doit r\u00e9aliser aucun b\u00e9n\u00e9fice dans le cadre de ce vol. Dans le cas contraire, il s\u2019expose seul aux cons\u00e9quences p\u00e9nales, civiles et disciplinaires inh\u00e9rentes.<\/strong><\/span><\/p>\n<p><span style=\"color: #0000ff;\"><strong>Coavionnage<\/strong><\/span><\/p>\n<p><span style=\"color: #0000ff;\"><strong>En revanche, ne sont pas autoris\u00e9s les vols \u00e0 frais partag\u00e9s r\u00e9alis\u00e9s par l\u2019interm\u00e9diaire ou aux moyens de sites Internet ouverts au grand public. <\/strong><strong>?<\/strong><\/span><\/p>\n<p>&nbsp;<\/p>\n<p><em>\u00a0<\/em><\/p>\n<p>&nbsp;<\/p>\n","protected":false},"excerpt":{"rendered":"<p>L\u2019Assembl\u00e9e G\u00e9n\u00e9rale annuelle de l\u2019A\u00e9ro-Club aura lieu le Samedi 2 avril 2016. Elle sera pr\u00e9c\u00e9d\u00e9e d\u2019une Assembl\u00e9e G\u00e9n\u00e9rale Extraordinaire. ORDRE DU JOUR : Assembl\u00e9e G\u00e9n\u00e9rale Extraordinaire \u2013 Samedi 2 avril \u2013 17h Modification des statuts et du r\u00e8glement int\u00e9rieur de l\u2019a\u00e9roclub (voir plus loin) Assembl\u00e9e G\u00e9n\u00e9rale Ordinaire \u2013 Samedi 2 avril \u2013 17h30 &#8211; Allocution [&hellip;]<\/p>\n","protected":false},"author":2,"featured_media":0,"comment_status":"open","ping_status":"open","sticky":false,"template":"","format":"standard","meta":{"inline_featured_image":false,"footnotes":""},"categories":[1],"tags":[],"class_list":["post-1362","post","type-post","status-publish","format-standard","hentry","category-non-classe"],"_links":{"self":[{"href":"http:\/\/aeroclub-abbeville.fr\/index.php?rest_route=\/wp\/v2\/posts\/1362","targetHints":{"allow":["GET"]}}],"collection":[{"href":"http:\/\/aeroclub-abbeville.fr\/index.php?rest_route=\/wp\/v2\/posts"}],"about":[{"href":"http:\/\/aeroclub-abbeville.fr\/index.php?rest_route=\/wp\/v2\/types\/post"}],"author":[{"embeddable":true,"href":"http:\/\/aeroclub-abbeville.fr\/index.php?rest_route=\/wp\/v2\/users\/2"}],"replies":[{"embeddable":true,"href":"http:\/\/aeroclub-abbeville.fr\/index.php?rest_route=%2Fwp%2Fv2%2Fcomments&post=1362"}],"version-history":[{"count":2,"href":"http:\/\/aeroclub-abbeville.fr\/index.php?rest_route=\/wp\/v2\/posts\/1362\/revisions"}],"predecessor-version":[{"id":1365,"href":"http:\/\/aeroclub-abbeville.fr\/index.php?rest_route=\/wp\/v2\/posts\/1362\/revisions\/1365"}],"wp:attachment":[{"href":"http:\/\/aeroclub-abbeville.fr\/index.php?rest_route=%2Fwp%2Fv2%2Fmedia&parent=1362"}],"wp:term":[{"taxonomy":"category","embeddable":true,"href":"http:\/\/aeroclub-abbeville.fr\/index.php?rest_route=%2Fwp%2Fv2%2Fcategories&post=1362"},{"taxonomy":"post_tag","embeddable":true,"href":"http:\/\/aeroclub-abbeville.fr\/index.php?rest_route=%2Fwp%2Fv2%2Ftags&post=1362"}],"curies":[{"name":"wp","href":"https:\/\/api.w.org\/{rel}","templated":true}]}}