{"id":138,"date":"2013-07-10T21:13:30","date_gmt":"2013-07-10T20:13:30","guid":{"rendered":"http:\/\/web.aeroclub-abbeville.fr\/aeroclub\/?p=138"},"modified":"2013-07-10T21:13:30","modified_gmt":"2013-07-10T20:13:30","slug":"concours-inter-regional-jeunes-troyes","status":"publish","type":"post","link":"http:\/\/aeroclub-abbeville.fr\/?p=138","title":{"rendered":"Concours inter-r\u00e9gional jeunes Troyes"},"content":{"rendered":"<p>&#8211;<a title=\"pict0108.jpg\" href=\"http:\/\/wiki.aeroclub-abbeville.fr\/lib\/exe\/detail.php\/pict0108.jpg?id=Accueil\"><img decoding=\"async\" alt=\"\" src=\"http:\/\/wiki.aeroclub-abbeville.fr\/lib\/exe\/fetch.php\/pict0108.jpg?w=400\" width=\"400\" \/><\/a><br \/>\nLe championnat inter-r\u00e9gional Jeunes de Troyes s&rsquo;est termin\u00e9 le samedi 10 juillet sur l\u2019a\u00e9rodrome de Troyes Barberey. Sur les douze jeunes qui ont particip\u00e9 \u00e0 cette comp\u00e9tition, quatre Abbevillois \u00e9taient pr\u00e9sents.<br \/>\nCes championnats se sont d\u00e9roul\u00e9s dans la bonne ambiance et la bonne humeur.<br \/>\nSur les 6 jours de comp\u00e9tition, quatre \u00e9preuves ont pu \u00eatre r\u00e9alis\u00e9es. Deux pilotes d&rsquo;Abbeville ont fini sur le podium.<br \/>\nEn effet, Simon Caudrelier et Sabine Caudrelier finissent premier de ce championnat \u00e0 bord du Janus, suivis d&rsquo;Alix Foss\u00e9 (Ch\u00e9rence) et Suzanne Caudrelier \u00e0 bord de son p\u00e9gase. Victor Roussel quant \u00e0 lui finit 5\u00e9me et Nicolas Chapuis 8\u00e9me.<br \/>\nle lien des r\u00e9sultats:<br \/>\n<a title=\"http:\/\/www.soaringspot.com\/jeunesne2013\/results\/club\/total\/day4.html\" href=\"http:\/\/www.soaringspot.com\/jeunesne2013\/results\/club\/total\/day4.html\" rel=\"nofollow\">http:\/\/www.soaringspot.com\/jeunesne2013\/results\/club\/total\/day4.html<\/a><br \/>\nLes photos du concours:<br \/>\n<a title=\"https:\/\/plus.google.com\/photos\/112727167357948829829\/albums\/5911168637082932209\" href=\"https:\/\/plus.google.com\/photos\/112727167357948829829\/albums\/5911168637082932209\" rel=\"nofollow\">https:\/\/plus.google.com\/photos\/112727167357948829829\/albums\/5911168637082932209<\/a><\/p>\n","protected":false},"excerpt":{"rendered":"<p>&#8211; Le championnat inter-r\u00e9gional Jeunes de Troyes s&rsquo;est termin\u00e9 le samedi 10 juillet sur l\u2019a\u00e9rodrome de Troyes Barberey. Sur les douze jeunes qui ont particip\u00e9 \u00e0 cette comp\u00e9tition, quatre Abbevillois \u00e9taient pr\u00e9sents. Ces championnats se sont d\u00e9roul\u00e9s dans la bonne ambiance et la bonne humeur. Sur les 6 jours de comp\u00e9tition, quatre \u00e9preuves ont pu [&hellip;]<\/p>\n","protected":false},"author":67,"featured_media":0,"comment_status":"open","ping_status":"open","sticky":false,"template":"","format":"standard","meta":{"inline_featured_image":false,"footnotes":""},"categories":[4,13,19],"tags":[],"class_list":["post-138","post","type-post","status-publish","format-standard","hentry","category-competitions","category-planeur","category-vol-a-voile"],"_links":{"self":[{"href":"http:\/\/aeroclub-abbeville.fr\/index.php?rest_route=\/wp\/v2\/posts\/138","targetHints":{"allow":["GET"]}}],"collection":[{"href":"http:\/\/aeroclub-abbeville.fr\/index.php?rest_route=\/wp\/v2\/posts"}],"about":[{"href":"http:\/\/aeroclub-abbeville.fr\/index.php?rest_route=\/wp\/v2\/types\/post"}],"author":[{"embeddable":true,"href":"http:\/\/aeroclub-abbeville.fr\/index.php?rest_route=\/wp\/v2\/users\/67"}],"replies":[{"embeddable":true,"href":"http:\/\/aeroclub-abbeville.fr\/index.php?rest_route=%2Fwp%2Fv2%2Fcomments&post=138"}],"version-history":[{"count":0,"href":"http:\/\/aeroclub-abbeville.fr\/index.php?rest_route=\/wp\/v2\/posts\/138\/revisions"}],"wp:attachment":[{"href":"http:\/\/aeroclub-abbeville.fr\/index.php?rest_route=%2Fwp%2Fv2%2Fmedia&parent=138"}],"wp:term":[{"taxonomy":"category","embeddable":true,"href":"http:\/\/aeroclub-abbeville.fr\/index.php?rest_route=%2Fwp%2Fv2%2Fcategories&post=138"},{"taxonomy":"post_tag","embeddable":true,"href":"http:\/\/aeroclub-abbeville.fr\/index.php?rest_route=%2Fwp%2Fv2%2Ftags&post=138"}],"curies":[{"name":"wp","href":"https:\/\/api.w.org\/{rel}","templated":true}]}}