{"id":1399,"date":"2016-04-26T13:10:32","date_gmt":"2016-04-26T12:10:32","guid":{"rendered":"http:\/\/aeroclub-abbeville.fr\/?p=1399"},"modified":"2016-04-26T13:15:14","modified_gmt":"2016-04-26T12:15:14","slug":"zones-interdites","status":"publish","type":"post","link":"http:\/\/aeroclub-abbeville.fr\/?p=1399","title":{"rendered":"Zones interdites"},"content":{"rendered":"<h3>La pr\u00e9fecture nous a adress\u00e9 un courrier pour attirer l&rsquo;attention des pilotes sur les r\u00e8gles qui s&rsquo;appliquent aux zones interdites et les risques de sanction en cas d&rsquo;infraction.<\/h3>\n<h3>Nous vous invitons vivement \u00e0 prendre connaissance du document de l&rsquo;Arm\u00e9e de l&rsquo;Air qu&rsquo;elle nous a transmis.<\/h3>\n<p><a href=\"http:\/\/aeroclub-abbeville.fr\/wp-content\/uploads\/2016\/04\/Flyer_zones_interdite_CNOA_mars_2016.pdf\">Flyer_zones_interdite_CNOA_mars_2016<\/a><\/p>\n","protected":false},"excerpt":{"rendered":"<p>La pr\u00e9fecture nous a adress\u00e9 un courrier pour attirer l&rsquo;attention des pilotes sur les r\u00e8gles qui s&rsquo;appliquent aux zones interdites et les risques de sanction en cas d&rsquo;infraction. Nous vous invitons vivement \u00e0 prendre connaissance du document de l&rsquo;Arm\u00e9e de l&rsquo;Air qu&rsquo;elle nous a transmis. Flyer_zones_interdite_CNOA_mars_2016<\/p>\n","protected":false},"author":2,"featured_media":0,"comment_status":"open","ping_status":"open","sticky":false,"template":"","format":"standard","meta":{"inline_featured_image":false,"footnotes":""},"categories":[2,15,16,17,19],"tags":[],"class_list":["post-1399","post","type-post","status-publish","format-standard","hentry","category-avion","category-reglementation","category-securite","category-ulm","category-vol-a-voile"],"_links":{"self":[{"href":"http:\/\/aeroclub-abbeville.fr\/index.php?rest_route=\/wp\/v2\/posts\/1399","targetHints":{"allow":["GET"]}}],"collection":[{"href":"http:\/\/aeroclub-abbeville.fr\/index.php?rest_route=\/wp\/v2\/posts"}],"about":[{"href":"http:\/\/aeroclub-abbeville.fr\/index.php?rest_route=\/wp\/v2\/types\/post"}],"author":[{"embeddable":true,"href":"http:\/\/aeroclub-abbeville.fr\/index.php?rest_route=\/wp\/v2\/users\/2"}],"replies":[{"embeddable":true,"href":"http:\/\/aeroclub-abbeville.fr\/index.php?rest_route=%2Fwp%2Fv2%2Fcomments&post=1399"}],"version-history":[{"count":5,"href":"http:\/\/aeroclub-abbeville.fr\/index.php?rest_route=\/wp\/v2\/posts\/1399\/revisions"}],"predecessor-version":[{"id":1405,"href":"http:\/\/aeroclub-abbeville.fr\/index.php?rest_route=\/wp\/v2\/posts\/1399\/revisions\/1405"}],"wp:attachment":[{"href":"http:\/\/aeroclub-abbeville.fr\/index.php?rest_route=%2Fwp%2Fv2%2Fmedia&parent=1399"}],"wp:term":[{"taxonomy":"category","embeddable":true,"href":"http:\/\/aeroclub-abbeville.fr\/index.php?rest_route=%2Fwp%2Fv2%2Fcategories&post=1399"},{"taxonomy":"post_tag","embeddable":true,"href":"http:\/\/aeroclub-abbeville.fr\/index.php?rest_route=%2Fwp%2Fv2%2Ftags&post=1399"}],"curies":[{"name":"wp","href":"https:\/\/api.w.org\/{rel}","templated":true}]}}