{"id":140,"date":"2013-07-20T21:15:05","date_gmt":"2013-07-20T20:15:05","guid":{"rendered":"http:\/\/web.aeroclub-abbeville.fr\/aeroclub\/?p=140"},"modified":"2013-07-20T21:15:05","modified_gmt":"2013-07-20T20:15:05","slug":"gps-kilo-lima","status":"publish","type":"post","link":"http:\/\/aeroclub-abbeville.fr\/?p=140","title":{"rendered":"GPS Kilo Lima"},"content":{"rendered":"<p>Notre DR400 F GLKL est toujours \u00e0 MELUN et les travaux de remise en \u00e9tat s\u2019\u00e9ternisent. Aux derni\u00e8res nouvelles, son retour est maintenant pr\u00e9vu pour septembre. Comme vous le savez, il sera \u00e9quip\u00e9 d\u2019un GPS avec carte d\u00e9roulante GARMIN GTN 750.<br \/>\n<a title=\"gtn750.jpg\" href=\"http:\/\/wiki.aeroclub-abbeville.fr\/lib\/exe\/detail.php\/gtn750.jpg?id=Accueil\"><img decoding=\"async\" class=\"aligncenter\" title=\"gtn750.jpg\" alt=\"gtn750.jpg\" src=\"http:\/\/wiki.aeroclub-abbeville.fr\/lib\/exe\/fetch.php\/gtn750.jpg\" \/><\/a> Le moment venu, nous organiserons quelques s\u00e9ances de familiarisation avec cet instrument. Vous en serez inform\u00e9s.<br \/>\nMais d\u2019ici l\u00e0, ceux d\u2019entre vous qui souhaitent d\u00e9couvrir ce GARMIN sur leur ordinateur peuvent emprunter les 2 DVD de pr\u00e9sentation (en anglais) qui sont au club pour en faire les copies.<br \/>\nContact : JJM ou JPL.<\/p>\n","protected":false},"excerpt":{"rendered":"<p>Notre DR400 F GLKL est toujours \u00e0 MELUN et les travaux de remise en \u00e9tat s\u2019\u00e9ternisent. Aux derni\u00e8res nouvelles, son retour est maintenant pr\u00e9vu pour septembre. Comme vous le savez, il sera \u00e9quip\u00e9 d\u2019un GPS avec carte d\u00e9roulante GARMIN GTN 750. Le moment venu, nous organiserons quelques s\u00e9ances de familiarisation avec cet instrument. Vous en [&hellip;]<\/p>\n","protected":false},"author":67,"featured_media":0,"comment_status":"open","ping_status":"open","sticky":false,"template":"","format":"standard","meta":{"inline_featured_image":false,"footnotes":""},"categories":[2,5],"tags":[],"class_list":["post-140","post","type-post","status-publish","format-standard","hentry","category-avion","category-entretien"],"_links":{"self":[{"href":"http:\/\/aeroclub-abbeville.fr\/index.php?rest_route=\/wp\/v2\/posts\/140","targetHints":{"allow":["GET"]}}],"collection":[{"href":"http:\/\/aeroclub-abbeville.fr\/index.php?rest_route=\/wp\/v2\/posts"}],"about":[{"href":"http:\/\/aeroclub-abbeville.fr\/index.php?rest_route=\/wp\/v2\/types\/post"}],"author":[{"embeddable":true,"href":"http:\/\/aeroclub-abbeville.fr\/index.php?rest_route=\/wp\/v2\/users\/67"}],"replies":[{"embeddable":true,"href":"http:\/\/aeroclub-abbeville.fr\/index.php?rest_route=%2Fwp%2Fv2%2Fcomments&post=140"}],"version-history":[{"count":0,"href":"http:\/\/aeroclub-abbeville.fr\/index.php?rest_route=\/wp\/v2\/posts\/140\/revisions"}],"wp:attachment":[{"href":"http:\/\/aeroclub-abbeville.fr\/index.php?rest_route=%2Fwp%2Fv2%2Fmedia&parent=140"}],"wp:term":[{"taxonomy":"category","embeddable":true,"href":"http:\/\/aeroclub-abbeville.fr\/index.php?rest_route=%2Fwp%2Fv2%2Fcategories&post=140"},{"taxonomy":"post_tag","embeddable":true,"href":"http:\/\/aeroclub-abbeville.fr\/index.php?rest_route=%2Fwp%2Fv2%2Ftags&post=140"}],"curies":[{"name":"wp","href":"https:\/\/api.w.org\/{rel}","templated":true}]}}