{"id":1407,"date":"2016-04-26T17:59:12","date_gmt":"2016-04-26T16:59:12","guid":{"rendered":"http:\/\/aeroclub-abbeville.fr\/?p=1407"},"modified":"2016-05-01T10:06:54","modified_gmt":"2016-05-01T09:06:54","slug":"plus-jeune-pilote-de-france","status":"publish","type":"post","link":"http:\/\/aeroclub-abbeville.fr\/?p=1407","title":{"rendered":"Plus jeune pilote de France"},"content":{"rendered":"<p>Le 4 avril Auguste Yvon passait avec succ\u00e8s son test de pilote de planeur, derni\u00e8re condition avant l&rsquo;obtention de son brevet, qu&rsquo;il a obtenu le jour de l&rsquo;anniversaire de ses 16 ans. Cela fait de lui le plus jeune pilote de planeur Fran\u00e7ais, jusqu&rsquo;\u00e0 ce qu&rsquo;un autre jeune pilote passe \u00e9galement son brevet. Il a \u00e9t\u00e9 test\u00e9 par Jean-Pierre Lignier, un des instructeurs\/testeurs d&rsquo;Abbeville.<\/p>\n<p><a href=\"http:\/\/aeroclub-abbeville.fr\/wp-content\/uploads\/2016\/04\/IMG_3036.jpg\"><img fetchpriority=\"high\" decoding=\"async\" class=\"alignnone size-medium wp-image-1408\" src=\"http:\/\/aeroclub-abbeville.fr\/wp-content\/uploads\/2016\/04\/IMG_3036-360x480.jpg\" alt=\"IMG_3036\" width=\"360\" height=\"480\" srcset=\"http:\/\/aeroclub-abbeville.fr\/wp-content\/uploads\/2016\/04\/IMG_3036-360x480.jpg 360w, http:\/\/aeroclub-abbeville.fr\/wp-content\/uploads\/2016\/04\/IMG_3036-768x1024.jpg 768w, http:\/\/aeroclub-abbeville.fr\/wp-content\/uploads\/2016\/04\/IMG_3036-624x832.jpg 624w, http:\/\/aeroclub-abbeville.fr\/wp-content\/uploads\/2016\/04\/IMG_3036.jpg 1200w\" sizes=\"(max-width: 360px) 100vw, 360px\" \/><\/a><\/p>\n<p><!--more--><\/p>\n<p>Depuis longtemps d\u00e9j\u00e0 Auguste est passionn\u00e9 par tout ce qui vole: mod\u00e8le r\u00e9duit, drone, avion et planeur. Il a d\u00e9j\u00e0 un palmar\u00e8s int\u00e9ressant.<\/p>\n<ul>\n<li>Le 2 mars 2014 il effectue son premier vol de formation en double commande<\/li>\n<li>Le 7 septembre 2014, \u00e0 14 ans il effectuait son premier vol solo<\/li>\n<li>Le 8 novembre 2014 il arrivait premier au concours de pr\u00e9cision d&rsquo;atterrissage organis\u00e9 par le club, devant des pilotes avec beaucoup plus d&rsquo;exp\u00e9rience.<\/li>\n<li>Le 12 juillet 2015 il effectue son premier vol de plus d&rsquo;une heure seul \u00e0 bord.<\/li>\n<li>Le 15 juillet 2015 premier vol de plus de cinq heures seul \u00e0 bord<\/li>\n<li>Le 4 avril 2016 il devient le plus jeune pilote de planeur de France.<\/li>\n<\/ul>\n<p>Ses succ\u00e8s lui on valu quelques d\u00e9boires, mais les traditions sont vivaces en vol \u00e0 voile et restent bon enfant.<\/p>\n<p><a href=\"http:\/\/aeroclub-abbeville.fr\/wp-content\/uploads\/2016\/04\/Small_20160423_190858.jpg\"><img decoding=\"async\" class=\"alignnone size-medium wp-image-1414\" src=\"http:\/\/aeroclub-abbeville.fr\/wp-content\/uploads\/2016\/04\/Small_20160423_190858-480x270.jpg\" alt=\"Small_20160423_190858\" width=\"480\" height=\"270\" srcset=\"http:\/\/aeroclub-abbeville.fr\/wp-content\/uploads\/2016\/04\/Small_20160423_190858-480x270.jpg 480w, http:\/\/aeroclub-abbeville.fr\/wp-content\/uploads\/2016\/04\/Small_20160423_190858-624x351.jpg 624w, http:\/\/aeroclub-abbeville.fr\/wp-content\/uploads\/2016\/04\/Small_20160423_190858.jpg 800w\" sizes=\"(max-width: 480px) 100vw, 480px\" \/><\/a><\/p>\n<p>Maintenant Auguste va commencer la formation de vol sur la campagne. On lui souhaite de continuer sur sa lanc\u00e9e et de ne pas s\u2019arr\u00eater avant d&rsquo;\u00eatre un tr\u00e8s vieux pilote avec beaucoup d&rsquo;exp\u00e9rience et de souvenirs de vols magnifiques.<\/p>\n","protected":false},"excerpt":{"rendered":"<p>Le 4 avril Auguste Yvon passait avec succ\u00e8s son test de pilote de planeur, derni\u00e8re condition avant l&rsquo;obtention de son brevet, qu&rsquo;il a obtenu le jour de l&rsquo;anniversaire de ses 16 ans. Cela fait de lui le plus jeune pilote de planeur Fran\u00e7ais, jusqu&rsquo;\u00e0 ce qu&rsquo;un autre jeune pilote passe \u00e9galement son brevet. Il a [&hellip;]<\/p>\n","protected":false},"author":67,"featured_media":0,"comment_status":"open","ping_status":"open","sticky":false,"template":"","format":"standard","meta":{"inline_featured_image":false,"footnotes":""},"categories":[6,8,13,18,19],"tags":[],"class_list":["post-1407","post","type-post","status-publish","format-standard","hentry","category-formation","category-formation_planeur","category-planeur","category-vie-du-club","category-vol-a-voile"],"_links":{"self":[{"href":"http:\/\/aeroclub-abbeville.fr\/index.php?rest_route=\/wp\/v2\/posts\/1407","targetHints":{"allow":["GET"]}}],"collection":[{"href":"http:\/\/aeroclub-abbeville.fr\/index.php?rest_route=\/wp\/v2\/posts"}],"about":[{"href":"http:\/\/aeroclub-abbeville.fr\/index.php?rest_route=\/wp\/v2\/types\/post"}],"author":[{"embeddable":true,"href":"http:\/\/aeroclub-abbeville.fr\/index.php?rest_route=\/wp\/v2\/users\/67"}],"replies":[{"embeddable":true,"href":"http:\/\/aeroclub-abbeville.fr\/index.php?rest_route=%2Fwp%2Fv2%2Fcomments&post=1407"}],"version-history":[{"count":7,"href":"http:\/\/aeroclub-abbeville.fr\/index.php?rest_route=\/wp\/v2\/posts\/1407\/revisions"}],"predecessor-version":[{"id":1424,"href":"http:\/\/aeroclub-abbeville.fr\/index.php?rest_route=\/wp\/v2\/posts\/1407\/revisions\/1424"}],"wp:attachment":[{"href":"http:\/\/aeroclub-abbeville.fr\/index.php?rest_route=%2Fwp%2Fv2%2Fmedia&parent=1407"}],"wp:term":[{"taxonomy":"category","embeddable":true,"href":"http:\/\/aeroclub-abbeville.fr\/index.php?rest_route=%2Fwp%2Fv2%2Fcategories&post=1407"},{"taxonomy":"post_tag","embeddable":true,"href":"http:\/\/aeroclub-abbeville.fr\/index.php?rest_route=%2Fwp%2Fv2%2Ftags&post=1407"}],"curies":[{"name":"wp","href":"https:\/\/api.w.org\/{rel}","templated":true}]}}