{"id":1422,"date":"2016-04-28T14:54:12","date_gmt":"2016-04-28T13:54:12","guid":{"rendered":"http:\/\/aeroclub-abbeville.fr\/?p=1422"},"modified":"2016-04-28T14:54:12","modified_gmt":"2016-04-28T13:54:12","slug":"annulation-de-la-rencontre-du-piper-club-de-france","status":"publish","type":"post","link":"http:\/\/aeroclub-abbeville.fr\/?p=1422","title":{"rendered":"Annulation de la rencontre du Piper Club de France"},"content":{"rendered":"<p>La rencontre pr\u00e9vue ce week-end des 30 avril et 1er mai pour comm\u00e9morer le centenaire de l&rsquo;Ecole Caudron est annul\u00e9. Les incertitudes m\u00e9t\u00e9o ont conduit \u00e0 cette d\u00e9cision compte tenu des trop nombreuses difficult\u00e9s \u00e0 pr\u00e9voir pour les participant dont beaucoup viennent de loin.<\/p>\n<p>La manifestation est report\u00e9e \u00e0 une date ult\u00e9rieure.<\/p>\n","protected":false},"excerpt":{"rendered":"<p>La rencontre pr\u00e9vue ce week-end des 30 avril et 1er mai pour comm\u00e9morer le centenaire de l&rsquo;Ecole Caudron est annul\u00e9. Les incertitudes m\u00e9t\u00e9o ont conduit \u00e0 cette d\u00e9cision compte tenu des trop nombreuses difficult\u00e9s \u00e0 pr\u00e9voir pour les participant dont beaucoup viennent de loin. La manifestation est report\u00e9e \u00e0 une date ult\u00e9rieure.<\/p>\n","protected":false},"author":2,"featured_media":0,"comment_status":"open","ping_status":"open","sticky":false,"template":"","format":"standard","meta":{"inline_featured_image":false,"footnotes":""},"categories":[3,4,26,11],"tags":[],"class_list":["post-1422","post","type-post","status-publish","format-standard","hentry","category-club","category-competitions","category-histoire","category-manifestations"],"_links":{"self":[{"href":"http:\/\/aeroclub-abbeville.fr\/index.php?rest_route=\/wp\/v2\/posts\/1422","targetHints":{"allow":["GET"]}}],"collection":[{"href":"http:\/\/aeroclub-abbeville.fr\/index.php?rest_route=\/wp\/v2\/posts"}],"about":[{"href":"http:\/\/aeroclub-abbeville.fr\/index.php?rest_route=\/wp\/v2\/types\/post"}],"author":[{"embeddable":true,"href":"http:\/\/aeroclub-abbeville.fr\/index.php?rest_route=\/wp\/v2\/users\/2"}],"replies":[{"embeddable":true,"href":"http:\/\/aeroclub-abbeville.fr\/index.php?rest_route=%2Fwp%2Fv2%2Fcomments&post=1422"}],"version-history":[{"count":1,"href":"http:\/\/aeroclub-abbeville.fr\/index.php?rest_route=\/wp\/v2\/posts\/1422\/revisions"}],"predecessor-version":[{"id":1423,"href":"http:\/\/aeroclub-abbeville.fr\/index.php?rest_route=\/wp\/v2\/posts\/1422\/revisions\/1423"}],"wp:attachment":[{"href":"http:\/\/aeroclub-abbeville.fr\/index.php?rest_route=%2Fwp%2Fv2%2Fmedia&parent=1422"}],"wp:term":[{"taxonomy":"category","embeddable":true,"href":"http:\/\/aeroclub-abbeville.fr\/index.php?rest_route=%2Fwp%2Fv2%2Fcategories&post=1422"},{"taxonomy":"post_tag","embeddable":true,"href":"http:\/\/aeroclub-abbeville.fr\/index.php?rest_route=%2Fwp%2Fv2%2Ftags&post=1422"}],"curies":[{"name":"wp","href":"https:\/\/api.w.org\/{rel}","templated":true}]}}