{"id":1426,"date":"2016-05-02T12:25:24","date_gmt":"2016-05-02T11:25:24","guid":{"rendered":"http:\/\/aeroclub-abbeville.fr\/?p=1426"},"modified":"2016-05-03T15:05:10","modified_gmt":"2016-05-03T14:05:10","slug":"championnat-de-france-standard-15-m-biplace-20-m","status":"publish","type":"post","link":"http:\/\/aeroclub-abbeville.fr\/?p=1426","title":{"rendered":"Championnat de France &#8211; Standard &#8211; 15 m &#8211; biplace 20 m"},"content":{"rendered":"<p>Le championnat de France se d\u00e9roule en se moment \u00e0 Issoudin jusqu&rsquo;\u00e0 la fin de la semaine. Plusieurs pilotes du Nord et Picards y participent, y compris deux pilotes d&rsquo;Abbeville: Olivier Caudrelier sur son nouveau Lak 17 et Victor Roussel sur le Duo Discus du club.<\/p>\n<p>Vous pouvez suivre les r\u00e9sultats sur <a href=\"http:\/\/www.soaringspot.com\/fr\/cdf2016-issoudun\/results\" title=\"R\u00e9sultats Issoudun\">http:\/\/www.soaringspot.com\/fr\/cdf2016-issoudun\/results<\/a><\/p>\n<p>Vous pouvez \u00e9galement suivre les \u00e9preuves en direct sur LiveTrack24 <a href=\"http:\/\/www.livetrack24.com\/tasks\/2574\" title=\"Livetrack24\">http:\/\/www.livetrack24.com\/tasks\/<\/a>.<\/p>\n<p><a href=\"http:\/\/aeroclub-abbeville.fr\/wp-content\/uploads\/2016\/05\/lak17_issoudun.png\"><img fetchpriority=\"high\" decoding=\"async\" src=\"http:\/\/aeroclub-abbeville.fr\/wp-content\/uploads\/2016\/05\/lak17_issoudun-480x267.png\" alt=\"lak17_issoudun\" width=\"480\" height=\"267\" class=\"alignnone size-medium wp-image-1427\" srcset=\"http:\/\/aeroclub-abbeville.fr\/wp-content\/uploads\/2016\/05\/lak17_issoudun-480x267.png 480w, http:\/\/aeroclub-abbeville.fr\/wp-content\/uploads\/2016\/05\/lak17_issoudun-1024x571.png 1024w, http:\/\/aeroclub-abbeville.fr\/wp-content\/uploads\/2016\/05\/lak17_issoudun-624x348.png 624w, http:\/\/aeroclub-abbeville.fr\/wp-content\/uploads\/2016\/05\/lak17_issoudun.png 1142w\" sizes=\"(max-width: 480px) 100vw, 480px\" \/><\/a><\/p>\n","protected":false},"excerpt":{"rendered":"<p>Le championnat de France se d\u00e9roule en se moment \u00e0 Issoudin jusqu&rsquo;\u00e0 la fin de la semaine. Plusieurs pilotes du Nord et Picards y participent, y compris deux pilotes d&rsquo;Abbeville: Olivier Caudrelier sur son nouveau Lak 17 et Victor Roussel sur le Duo Discus du club. Vous pouvez suivre les r\u00e9sultats sur http:\/\/www.soaringspot.com\/fr\/cdf2016-issoudun\/results Vous pouvez [&hellip;]<\/p>\n","protected":false},"author":67,"featured_media":0,"comment_status":"open","ping_status":"open","sticky":false,"template":"","format":"standard","meta":{"inline_featured_image":false,"footnotes":""},"categories":[4,13,19],"tags":[],"class_list":["post-1426","post","type-post","status-publish","format-standard","hentry","category-competitions","category-planeur","category-vol-a-voile"],"_links":{"self":[{"href":"http:\/\/aeroclub-abbeville.fr\/index.php?rest_route=\/wp\/v2\/posts\/1426","targetHints":{"allow":["GET"]}}],"collection":[{"href":"http:\/\/aeroclub-abbeville.fr\/index.php?rest_route=\/wp\/v2\/posts"}],"about":[{"href":"http:\/\/aeroclub-abbeville.fr\/index.php?rest_route=\/wp\/v2\/types\/post"}],"author":[{"embeddable":true,"href":"http:\/\/aeroclub-abbeville.fr\/index.php?rest_route=\/wp\/v2\/users\/67"}],"replies":[{"embeddable":true,"href":"http:\/\/aeroclub-abbeville.fr\/index.php?rest_route=%2Fwp%2Fv2%2Fcomments&post=1426"}],"version-history":[{"count":5,"href":"http:\/\/aeroclub-abbeville.fr\/index.php?rest_route=\/wp\/v2\/posts\/1426\/revisions"}],"predecessor-version":[{"id":1432,"href":"http:\/\/aeroclub-abbeville.fr\/index.php?rest_route=\/wp\/v2\/posts\/1426\/revisions\/1432"}],"wp:attachment":[{"href":"http:\/\/aeroclub-abbeville.fr\/index.php?rest_route=%2Fwp%2Fv2%2Fmedia&parent=1426"}],"wp:term":[{"taxonomy":"category","embeddable":true,"href":"http:\/\/aeroclub-abbeville.fr\/index.php?rest_route=%2Fwp%2Fv2%2Fcategories&post=1426"},{"taxonomy":"post_tag","embeddable":true,"href":"http:\/\/aeroclub-abbeville.fr\/index.php?rest_route=%2Fwp%2Fv2%2Ftags&post=1426"}],"curies":[{"name":"wp","href":"https:\/\/api.w.org\/{rel}","templated":true}]}}