{"id":1445,"date":"2016-05-21T07:51:09","date_gmt":"2016-05-21T06:51:09","guid":{"rendered":"http:\/\/aeroclub-abbeville.fr\/?p=1445"},"modified":"2016-05-21T07:51:09","modified_gmt":"2016-05-21T06:51:09","slug":"un-nouveau-a-abbeville","status":"publish","type":"post","link":"http:\/\/aeroclub-abbeville.fr\/?p=1445","title":{"rendered":"Un nouveau \u00e0 Abbeville"},"content":{"rendered":"<p>Il s&rsquo;agit d&rsquo;un superbe Boeing Stearman tout neuf appartenant \u00e0 Fran\u00e7ois Courouble, captain A330.<br \/>\n<a href=\"http:\/\/aeroclub-abbeville.fr\/wp-content\/uploads\/2016\/05\/1-20160516_181428.jpg\"><img fetchpriority=\"high\" decoding=\"async\" src=\"http:\/\/aeroclub-abbeville.fr\/wp-content\/uploads\/2016\/05\/1-20160516_181428.jpg\" alt=\"1-20160516_181428\" width=\"1024\" height=\"576\" class=\"aligncenter size-full wp-image-1436\" srcset=\"http:\/\/aeroclub-abbeville.fr\/wp-content\/uploads\/2016\/05\/1-20160516_181428.jpg 1024w, http:\/\/aeroclub-abbeville.fr\/wp-content\/uploads\/2016\/05\/1-20160516_181428-480x270.jpg 480w, http:\/\/aeroclub-abbeville.fr\/wp-content\/uploads\/2016\/05\/1-20160516_181428-624x351.jpg 624w\" sizes=\"(max-width: 1024px) 100vw, 1024px\" \/><\/a><br \/>\nJean-Jacques a eu le privil\u00e8ge d&rsquo;\u00eatre l\u00e2ch\u00e9 sur ce magnifique appareil. Ici en compagnie de Francis.<\/p>\n","protected":false},"excerpt":{"rendered":"<p>Il s&rsquo;agit d&rsquo;un superbe Boeing Stearman tout neuf appartenant \u00e0 Fran\u00e7ois Courouble, captain A330. Jean-Jacques a eu le privil\u00e8ge d&rsquo;\u00eatre l\u00e2ch\u00e9 sur ce magnifique appareil. Ici en compagnie de Francis.<\/p>\n","protected":false},"author":2,"featured_media":0,"comment_status":"open","ping_status":"open","sticky":false,"template":"","format":"standard","meta":{"inline_featured_image":false,"footnotes":""},"categories":[1],"tags":[],"class_list":["post-1445","post","type-post","status-publish","format-standard","hentry","category-non-classe"],"_links":{"self":[{"href":"http:\/\/aeroclub-abbeville.fr\/index.php?rest_route=\/wp\/v2\/posts\/1445","targetHints":{"allow":["GET"]}}],"collection":[{"href":"http:\/\/aeroclub-abbeville.fr\/index.php?rest_route=\/wp\/v2\/posts"}],"about":[{"href":"http:\/\/aeroclub-abbeville.fr\/index.php?rest_route=\/wp\/v2\/types\/post"}],"author":[{"embeddable":true,"href":"http:\/\/aeroclub-abbeville.fr\/index.php?rest_route=\/wp\/v2\/users\/2"}],"replies":[{"embeddable":true,"href":"http:\/\/aeroclub-abbeville.fr\/index.php?rest_route=%2Fwp%2Fv2%2Fcomments&post=1445"}],"version-history":[{"count":1,"href":"http:\/\/aeroclub-abbeville.fr\/index.php?rest_route=\/wp\/v2\/posts\/1445\/revisions"}],"predecessor-version":[{"id":1446,"href":"http:\/\/aeroclub-abbeville.fr\/index.php?rest_route=\/wp\/v2\/posts\/1445\/revisions\/1446"}],"wp:attachment":[{"href":"http:\/\/aeroclub-abbeville.fr\/index.php?rest_route=%2Fwp%2Fv2%2Fmedia&parent=1445"}],"wp:term":[{"taxonomy":"category","embeddable":true,"href":"http:\/\/aeroclub-abbeville.fr\/index.php?rest_route=%2Fwp%2Fv2%2Fcategories&post=1445"},{"taxonomy":"post_tag","embeddable":true,"href":"http:\/\/aeroclub-abbeville.fr\/index.php?rest_route=%2Fwp%2Fv2%2Ftags&post=1445"}],"curies":[{"name":"wp","href":"https:\/\/api.w.org\/{rel}","templated":true}]}}