{"id":1447,"date":"2016-05-21T08:01:27","date_gmt":"2016-05-21T07:01:27","guid":{"rendered":"http:\/\/aeroclub-abbeville.fr\/?p=1447"},"modified":"2016-05-21T09:21:17","modified_gmt":"2016-05-21T08:21:17","slug":"visiteurs-de-marque","status":"publish","type":"post","link":"http:\/\/aeroclub-abbeville.fr\/?p=1447","title":{"rendered":"Visiteurs de &#8230; Mark !"},"content":{"rendered":"<p>Deux appareils de retour de la Fert\u00e9-Allais, Un Spitfire MKV et un Curtis H75, ont fait une br\u00e8ve halte \u00e0 Abbeville pour d\u00e9douaner avant de leur retour \u00e0 Duxford.<br \/>\n<a href=\"http:\/\/aeroclub-abbeville.fr\/wp-content\/uploads\/2016\/05\/2-20160516_124608.jpg\"><img fetchpriority=\"high\" decoding=\"async\" src=\"http:\/\/aeroclub-abbeville.fr\/wp-content\/uploads\/2016\/05\/2-20160516_124608.jpg\" alt=\"2-20160516_124608\" width=\"1024\" height=\"683\" class=\"aligncenter size-full wp-image-1448\" srcset=\"http:\/\/aeroclub-abbeville.fr\/wp-content\/uploads\/2016\/05\/2-20160516_124608.jpg 1024w, http:\/\/aeroclub-abbeville.fr\/wp-content\/uploads\/2016\/05\/2-20160516_124608-480x320.jpg 480w, http:\/\/aeroclub-abbeville.fr\/wp-content\/uploads\/2016\/05\/2-20160516_124608-768x512.jpg 768w, http:\/\/aeroclub-abbeville.fr\/wp-content\/uploads\/2016\/05\/2-20160516_124608-624x416.jpg 624w\" sizes=\"(max-width: 1024px) 100vw, 1024px\" \/><\/a><br \/>\nIci le Spitfire pilot\u00e9 par Nick Grey<\/p>\n","protected":false},"excerpt":{"rendered":"<p>Deux appareils de retour de la Ferte on fait escale \u00e0 Abbeville pour d\u00e9douaner avant leur retour \u00e0 Duxford.<\/p>\n","protected":false},"author":2,"featured_media":0,"comment_status":"open","ping_status":"open","sticky":false,"template":"","format":"standard","meta":{"inline_featured_image":false,"footnotes":""},"categories":[20,2,1],"tags":[],"class_list":["post-1447","post","type-post","status-publish","format-standard","hentry","category-actualites","category-avion","category-non-classe"],"_links":{"self":[{"href":"http:\/\/aeroclub-abbeville.fr\/index.php?rest_route=\/wp\/v2\/posts\/1447","targetHints":{"allow":["GET"]}}],"collection":[{"href":"http:\/\/aeroclub-abbeville.fr\/index.php?rest_route=\/wp\/v2\/posts"}],"about":[{"href":"http:\/\/aeroclub-abbeville.fr\/index.php?rest_route=\/wp\/v2\/types\/post"}],"author":[{"embeddable":true,"href":"http:\/\/aeroclub-abbeville.fr\/index.php?rest_route=\/wp\/v2\/users\/2"}],"replies":[{"embeddable":true,"href":"http:\/\/aeroclub-abbeville.fr\/index.php?rest_route=%2Fwp%2Fv2%2Fcomments&post=1447"}],"version-history":[{"count":4,"href":"http:\/\/aeroclub-abbeville.fr\/index.php?rest_route=\/wp\/v2\/posts\/1447\/revisions"}],"predecessor-version":[{"id":1452,"href":"http:\/\/aeroclub-abbeville.fr\/index.php?rest_route=\/wp\/v2\/posts\/1447\/revisions\/1452"}],"wp:attachment":[{"href":"http:\/\/aeroclub-abbeville.fr\/index.php?rest_route=%2Fwp%2Fv2%2Fmedia&parent=1447"}],"wp:term":[{"taxonomy":"category","embeddable":true,"href":"http:\/\/aeroclub-abbeville.fr\/index.php?rest_route=%2Fwp%2Fv2%2Fcategories&post=1447"},{"taxonomy":"post_tag","embeddable":true,"href":"http:\/\/aeroclub-abbeville.fr\/index.php?rest_route=%2Fwp%2Fv2%2Ftags&post=1447"}],"curies":[{"name":"wp","href":"https:\/\/api.w.org\/{rel}","templated":true}]}}