{"id":1470,"date":"2016-06-05T09:58:46","date_gmt":"2016-06-05T08:58:46","guid":{"rendered":"http:\/\/aeroclub-abbeville.fr\/?p=1470"},"modified":"2016-06-05T10:27:51","modified_gmt":"2016-06-05T09:27:51","slug":"zut-encore-des-zit","status":"publish","type":"post","link":"http:\/\/aeroclub-abbeville.fr\/?p=1470","title":{"rendered":"ZUT &#8230; encore des ZIT !"},"content":{"rendered":"<p>La coupe d&rsquo;Europe de foot va donner lieu \u00e0 de nombreuses restrictions dans le pays. Il vous appartient d&rsquo;en tenir compte pour vos prochains vols. <a href=\"http:\/\/aeroclub-abbeville.fr\/wp-content\/uploads\/2016\/06\/foot.jpg\"><img fetchpriority=\"high\" decoding=\"async\" class=\"aligncenter wp-image-1472\" src=\"http:\/\/aeroclub-abbeville.fr\/wp-content\/uploads\/2016\/06\/foot.jpg\" alt=\"foot\" width=\"305\" height=\"220\" \/><\/a><\/p>\n<p>Lire l&rsquo;avertissement \u00e9mis par la DGAC \u00e0 ce sujet :<!--more--><\/p>\n<p>L&rsquo;organisation de l&rsquo;Euro 2016 et la n\u00e9cessit\u00e9 d&rsquo;assurer une protection du public et des \u00e9quipes dans le domaine a\u00e9rien a conduit \u00e0 la mise en place de diff\u00e9rentes mesures de restriction des espaces a\u00e9riens.<br \/>\nVous trouverez ci-apr\u00e8s la synth\u00e8se de ces restrictions ainsi que les supports d&rsquo;information a\u00e9ronautique qu&rsquo;il faut consulter.<\/p>\n<p>Les restrictions sont de 2 types :<\/p>\n<p>&#8211; ZIT 1 et ZIT 2 couvrant les matches sur les 2 sites dans le Nord-Pas-de-Calais : stade Pierre Mauroy \u00e0 Villeneuve d&rsquo;Asq et stade Bollaert \u00e0 Lens.<br \/>\nCes ZIT ont 6 h d&rsquo;activit\u00e9 autour des matches (2 h avant jusqu&rsquo;\u00e0 2h apr\u00e8s).<br \/>\nA noter que les ZIT 2 sont activables par Notam qui seront publi\u00e9s 48 h avant<br \/>\nLes caract\u00e9ristiques de ces ZIT sont pr\u00e9cis\u00e9es dans, respectivement, le SUP AIP 105\/16 pour LENS et SUP AIP 106\/16 pour LILLE, en date du 19 Mai 2016.<br \/>\nVous y trouverez aussi les restrictions apport\u00e9es \u00e0 l&rsquo;exploitation de certains a\u00e9rodromes et activit\u00e9s.<\/p>\n<p>&#8211; ZIT \u00ab\u00a0Pr\u00e9fectorales\u00a0\u00bb assurant la s\u00e9curisation des terrains d&rsquo;entrainement et des Fans-Zone.<br \/>\nElles sont au nombre de 6 avec comme caract\u00e9ristiques : un rayon de 2 km autour du point centre et un plafond de 2000 ft.<br \/>\nLes localisations, horaires et restrictions sont pr\u00e9cis\u00e9s dans les Notam n\u00b0 LFFA-R1216\/16A02, LFFA-R1216\/16B02, LFFA-1255\/16A02 et LFFA-R1255\/16B02 pour LENS et Notam n\u00b0 LFFA-R1190\/16A02, LFFA-R1190\/16B02, LFFA-R1305\/16A02 et LFFA-R1305\/16B02 pour LILLE<\/p>\n<p>.<br \/>\nD&rsquo;autre part, l&rsquo;a\u00e9rodrome de LENS sera ferm\u00e9 car assurant une fonction de parking automobile p\u00e9riph\u00e9rique. Cette fermeture interviendra au minimum durant les journ\u00e9es des 4 matches ayant lieu \u00e0 Bollaert. L&rsquo;\u00e9tat de surface \u00e0 l&rsquo;issue des journ\u00e9es pourrait conduire \u00e0 prolonger la fermeture ou \u00e0 des limitations de piste. L\u00e0 aussi, regardez les Notams si vous avez l&rsquo;intention d&rsquo;utiliser Lens\/B\u00e9nifontaine.<\/p>\n","protected":false},"excerpt":{"rendered":"<p>La coupe d&rsquo;Europe de foot va donner lieu \u00e0 de nombreuses restrictions dans le pays. Il vous appartient d&rsquo;en tenir compte pour vos prochains vols. Lire l&rsquo;avertissement \u00e9mis par la DGAC \u00e0 ce sujet :<\/p>\n","protected":false},"author":2,"featured_media":0,"comment_status":"open","ping_status":"open","sticky":false,"template":"","format":"standard","meta":{"inline_featured_image":false,"footnotes":""},"categories":[2,11,1,15,16,17,19],"tags":[],"class_list":["post-1470","post","type-post","status-publish","format-standard","hentry","category-avion","category-manifestations","category-non-classe","category-reglementation","category-securite","category-ulm","category-vol-a-voile"],"_links":{"self":[{"href":"http:\/\/aeroclub-abbeville.fr\/index.php?rest_route=\/wp\/v2\/posts\/1470","targetHints":{"allow":["GET"]}}],"collection":[{"href":"http:\/\/aeroclub-abbeville.fr\/index.php?rest_route=\/wp\/v2\/posts"}],"about":[{"href":"http:\/\/aeroclub-abbeville.fr\/index.php?rest_route=\/wp\/v2\/types\/post"}],"author":[{"embeddable":true,"href":"http:\/\/aeroclub-abbeville.fr\/index.php?rest_route=\/wp\/v2\/users\/2"}],"replies":[{"embeddable":true,"href":"http:\/\/aeroclub-abbeville.fr\/index.php?rest_route=%2Fwp%2Fv2%2Fcomments&post=1470"}],"version-history":[{"count":3,"href":"http:\/\/aeroclub-abbeville.fr\/index.php?rest_route=\/wp\/v2\/posts\/1470\/revisions"}],"predecessor-version":[{"id":1474,"href":"http:\/\/aeroclub-abbeville.fr\/index.php?rest_route=\/wp\/v2\/posts\/1470\/revisions\/1474"}],"wp:attachment":[{"href":"http:\/\/aeroclub-abbeville.fr\/index.php?rest_route=%2Fwp%2Fv2%2Fmedia&parent=1470"}],"wp:term":[{"taxonomy":"category","embeddable":true,"href":"http:\/\/aeroclub-abbeville.fr\/index.php?rest_route=%2Fwp%2Fv2%2Fcategories&post=1470"},{"taxonomy":"post_tag","embeddable":true,"href":"http:\/\/aeroclub-abbeville.fr\/index.php?rest_route=%2Fwp%2Fv2%2Ftags&post=1470"}],"curies":[{"name":"wp","href":"https:\/\/api.w.org\/{rel}","templated":true}]}}