{"id":1482,"date":"2016-06-08T16:42:06","date_gmt":"2016-06-08T15:42:06","guid":{"rendered":"http:\/\/aeroclub-abbeville.fr\/?p=1482"},"modified":"2016-06-08T16:52:32","modified_gmt":"2016-06-08T15:52:32","slug":"portes-ouvertes","status":"publish","type":"post","link":"http:\/\/aeroclub-abbeville.fr\/?p=1482","title":{"rendered":"Portes ouvertes"},"content":{"rendered":"<p><a href=\"http:\/\/aeroclub-abbeville.fr\/wp-content\/uploads\/2016\/06\/portesouvertes.jpg\"><img decoding=\"async\" class=\"aligncenter wp-image-1483\" src=\"http:\/\/aeroclub-abbeville.fr\/wp-content\/uploads\/2016\/06\/portesouvertes.jpg\" alt=\"portesouvertes\" width=\"204\" height=\"128\" srcset=\"http:\/\/aeroclub-abbeville.fr\/wp-content\/uploads\/2016\/06\/portesouvertes.jpg 601w, http:\/\/aeroclub-abbeville.fr\/wp-content\/uploads\/2016\/06\/portesouvertes-480x301.jpg 480w\" sizes=\"(max-width: 204px) 100vw, 204px\" \/><\/a>Les journ\u00e9es portes ouvertes de printemps de l\u2019a\u00e9roclub auront lieu les <strong>samedi 25 et dimanche 26 juin, de 10h \u00e0 19h\u00a0<\/strong> (deux jours cette ann\u00e9e).<br \/>\nComme d\u2019habitude, il est fait appel aux bonnes volont\u00e9s pour pr\u00e9parer l\u2019op\u00e9ration d\u00e8s le matin 8h et tout au long de ces journ\u00e9es.<br \/>\nEt bien s\u00fbr, venez nombreux, avec votre famille et vos amis.<\/p>\n","protected":false},"excerpt":{"rendered":"<p>Les journ\u00e9es portes ouvertes de printemps de l\u2019a\u00e9roclub auront lieu les samedi 25 et dimanche 26 juin, de 10h \u00e0 19h\u00a0 (deux jours cette ann\u00e9e). Comme d\u2019habitude, il est fait appel aux bonnes volont\u00e9s pour pr\u00e9parer l\u2019op\u00e9ration d\u00e8s le matin 8h et tout au long de ces journ\u00e9es. Et bien s\u00fbr, venez nombreux, avec votre [&hellip;]<\/p>\n","protected":false},"author":2,"featured_media":0,"comment_status":"open","ping_status":"open","sticky":false,"template":"","format":"standard","meta":{"inline_featured_image":false,"footnotes":""},"categories":[20,21,2,3,11,13,17,18,19],"tags":[],"class_list":["post-1482","post","type-post","status-publish","format-standard","hentry","category-actualites","category-arrosages-fetes","category-avion","category-club","category-manifestations","category-planeur","category-ulm","category-vie-du-club","category-vol-a-voile"],"_links":{"self":[{"href":"http:\/\/aeroclub-abbeville.fr\/index.php?rest_route=\/wp\/v2\/posts\/1482","targetHints":{"allow":["GET"]}}],"collection":[{"href":"http:\/\/aeroclub-abbeville.fr\/index.php?rest_route=\/wp\/v2\/posts"}],"about":[{"href":"http:\/\/aeroclub-abbeville.fr\/index.php?rest_route=\/wp\/v2\/types\/post"}],"author":[{"embeddable":true,"href":"http:\/\/aeroclub-abbeville.fr\/index.php?rest_route=\/wp\/v2\/users\/2"}],"replies":[{"embeddable":true,"href":"http:\/\/aeroclub-abbeville.fr\/index.php?rest_route=%2Fwp%2Fv2%2Fcomments&post=1482"}],"version-history":[{"count":2,"href":"http:\/\/aeroclub-abbeville.fr\/index.php?rest_route=\/wp\/v2\/posts\/1482\/revisions"}],"predecessor-version":[{"id":1491,"href":"http:\/\/aeroclub-abbeville.fr\/index.php?rest_route=\/wp\/v2\/posts\/1482\/revisions\/1491"}],"wp:attachment":[{"href":"http:\/\/aeroclub-abbeville.fr\/index.php?rest_route=%2Fwp%2Fv2%2Fmedia&parent=1482"}],"wp:term":[{"taxonomy":"category","embeddable":true,"href":"http:\/\/aeroclub-abbeville.fr\/index.php?rest_route=%2Fwp%2Fv2%2Fcategories&post=1482"},{"taxonomy":"post_tag","embeddable":true,"href":"http:\/\/aeroclub-abbeville.fr\/index.php?rest_route=%2Fwp%2Fv2%2Ftags&post=1482"}],"curies":[{"name":"wp","href":"https:\/\/api.w.org\/{rel}","templated":true}]}}