{"id":1512,"date":"2016-06-20T13:31:20","date_gmt":"2016-06-20T12:31:20","guid":{"rendered":"http:\/\/aeroclub-abbeville.fr\/?p=1512"},"modified":"2016-06-20T13:34:20","modified_gmt":"2016-06-20T12:34:20","slug":"nouvelle-reglementation","status":"publish","type":"post","link":"http:\/\/aeroclub-abbeville.fr\/?p=1512","title":{"rendered":"Nouvelle r\u00e9glementation"},"content":{"rendered":"<p><strong>A partir du 26 ao\u00fbt 2016,<\/strong> l\u2019arr\u00eat\u00e9 de 1991 auquel nous \u00e9tions tous habitu\u00e9s r\u00e9gissant l\u2019exploitation des a\u00e9ronefs en aviation g\u00e9n\u00e9rale c\u00e8de sa place aux NCO (version EASA de l\u2019arr\u00eat\u00e9 de 1991). Quelques points m\u00e9ritent notre attention, tels l\u2019<strong>emport de carburant, les survols maritimes <\/strong>ou<strong> l\u2019emport d\u2019oxyg\u00e8ne<\/strong>. Afin de vous accompagner dans ces changements, l\u2019ANPI vous propose d\u00e8s maintenant 2 fiches p\u00e9dagogiques r\u00e9sumant ces principaux changements ainsi qu\u2019une pr\u00e9sentation (Prezi, disponible en ligne) sp\u00e9cifiquement d\u00e9di\u00e9e au carburant, support de pr\u00e9sentation pour nos membres FI. Pour toute questions ou remarques : belairpierre@gmail.com.<\/p>\n<table style=\"height: 200px;\" width=\"478\">\n<tbody>\n<tr>\n<td><a href=\"http:\/\/aeroclub-abbeville.fr\/wp-content\/uploads\/2016\/06\/partnco2.jpg\"><img decoding=\"async\" class=\"aligncenter wp-image-1515\" src=\"http:\/\/aeroclub-abbeville.fr\/wp-content\/uploads\/2016\/06\/partnco2.jpg\" alt=\"partnco2\" width=\"155\" height=\"220\" srcset=\"http:\/\/aeroclub-abbeville.fr\/wp-content\/uploads\/2016\/06\/partnco2.jpg 777w, http:\/\/aeroclub-abbeville.fr\/wp-content\/uploads\/2016\/06\/partnco2-338x480.jpg 338w, http:\/\/aeroclub-abbeville.fr\/wp-content\/uploads\/2016\/06\/partnco2-768x1089.jpg 768w, http:\/\/aeroclub-abbeville.fr\/wp-content\/uploads\/2016\/06\/partnco2-722x1024.jpg 722w, http:\/\/aeroclub-abbeville.fr\/wp-content\/uploads\/2016\/06\/partnco2-624x885.jpg 624w\" sizes=\"(max-width: 155px) 100vw, 155px\" \/><\/a><\/td>\n<td><a href=\"http:\/\/aeroclub-abbeville.fr\/wp-content\/uploads\/2016\/06\/partnco1.jpg\"><img decoding=\"async\" class=\"aligncenter wp-image-1514\" src=\"http:\/\/aeroclub-abbeville.fr\/wp-content\/uploads\/2016\/06\/partnco1.jpg\" alt=\"partnco1\" width=\"150\" height=\"211\" srcset=\"http:\/\/aeroclub-abbeville.fr\/wp-content\/uploads\/2016\/06\/partnco1.jpg 781w, http:\/\/aeroclub-abbeville.fr\/wp-content\/uploads\/2016\/06\/partnco1-340x480.jpg 340w, http:\/\/aeroclub-abbeville.fr\/wp-content\/uploads\/2016\/06\/partnco1-768x1085.jpg 768w, http:\/\/aeroclub-abbeville.fr\/wp-content\/uploads\/2016\/06\/partnco1-725x1024.jpg 725w, http:\/\/aeroclub-abbeville.fr\/wp-content\/uploads\/2016\/06\/partnco1-624x881.jpg 624w\" sizes=\"(max-width: 150px) 100vw, 150px\" \/><\/a><\/td>\n<\/tr>\n<\/tbody>\n<\/table>\n<p>Plus d&rsquo;info sur <a href=\"http:\/\/www.anpifrance.eu\/les-docs-en-libre-service\/\">le site de l&rsquo;ANPI<\/a><\/p>\n","protected":false},"excerpt":{"rendered":"<p>A partir du 26 ao\u00fbt 2016, l\u2019arr\u00eat\u00e9 de 1991 auquel nous \u00e9tions tous habitu\u00e9s r\u00e9gissant l\u2019exploitation des a\u00e9ronefs en aviation g\u00e9n\u00e9rale c\u00e8de sa place aux NCO (version EASA de l\u2019arr\u00eat\u00e9 de 1991). Quelques points m\u00e9ritent notre attention, tels l\u2019emport de carburant, les survols maritimes ou l\u2019emport d\u2019oxyg\u00e8ne. Afin de vous accompagner dans ces changements, l\u2019ANPI [&hellip;]<\/p>\n","protected":false},"author":2,"featured_media":0,"comment_status":"open","ping_status":"open","sticky":false,"template":"","format":"standard","meta":{"inline_featured_image":false,"footnotes":""},"categories":[2,9,15,16,17],"tags":[],"class_list":["post-1512","post","type-post","status-publish","format-standard","hentry","category-avion","category-informatique","category-reglementation","category-securite","category-ulm"],"_links":{"self":[{"href":"http:\/\/aeroclub-abbeville.fr\/index.php?rest_route=\/wp\/v2\/posts\/1512","targetHints":{"allow":["GET"]}}],"collection":[{"href":"http:\/\/aeroclub-abbeville.fr\/index.php?rest_route=\/wp\/v2\/posts"}],"about":[{"href":"http:\/\/aeroclub-abbeville.fr\/index.php?rest_route=\/wp\/v2\/types\/post"}],"author":[{"embeddable":true,"href":"http:\/\/aeroclub-abbeville.fr\/index.php?rest_route=\/wp\/v2\/users\/2"}],"replies":[{"embeddable":true,"href":"http:\/\/aeroclub-abbeville.fr\/index.php?rest_route=%2Fwp%2Fv2%2Fcomments&post=1512"}],"version-history":[{"count":3,"href":"http:\/\/aeroclub-abbeville.fr\/index.php?rest_route=\/wp\/v2\/posts\/1512\/revisions"}],"predecessor-version":[{"id":1517,"href":"http:\/\/aeroclub-abbeville.fr\/index.php?rest_route=\/wp\/v2\/posts\/1512\/revisions\/1517"}],"wp:attachment":[{"href":"http:\/\/aeroclub-abbeville.fr\/index.php?rest_route=%2Fwp%2Fv2%2Fmedia&parent=1512"}],"wp:term":[{"taxonomy":"category","embeddable":true,"href":"http:\/\/aeroclub-abbeville.fr\/index.php?rest_route=%2Fwp%2Fv2%2Fcategories&post=1512"},{"taxonomy":"post_tag","embeddable":true,"href":"http:\/\/aeroclub-abbeville.fr\/index.php?rest_route=%2Fwp%2Fv2%2Ftags&post=1512"}],"curies":[{"name":"wp","href":"https:\/\/api.w.org\/{rel}","templated":true}]}}