{"id":1539,"date":"2016-07-09T21:12:40","date_gmt":"2016-07-09T20:12:40","guid":{"rendered":"http:\/\/aeroclub-abbeville.fr\/?p=1539"},"modified":"2016-07-09T21:14:44","modified_gmt":"2016-07-09T20:14:44","slug":"deux-abbevilloises-aux-championnat-de-france-vol-a-voile-2016","status":"publish","type":"post","link":"http:\/\/aeroclub-abbeville.fr\/?p=1539","title":{"rendered":"Deux Abbevilloises au championnat de France Vol \u00e0 Voile 2016"},"content":{"rendered":"<table>\n<tbody>\n<tr>\n<td><img fetchpriority=\"high\" decoding=\"async\" class=\"alignnone size-medium wp-image-1540\" src=\"http:\/\/aeroclub-abbeville.fr\/wp-content\/uploads\/2016\/07\/Suzanne_2016-480x319.jpg\" alt=\"Suzanne_2016\" width=\"480\" height=\"319\" srcset=\"http:\/\/aeroclub-abbeville.fr\/wp-content\/uploads\/2016\/07\/Suzanne_2016-480x319.jpg 480w, http:\/\/aeroclub-abbeville.fr\/wp-content\/uploads\/2016\/07\/Suzanne_2016.jpg 600w\" sizes=\"(max-width: 480px) 100vw, 480px\" \/><\/td>\n<td><img decoding=\"async\" class=\"alignnone size-medium wp-image-1541\" src=\"http:\/\/aeroclub-abbeville.fr\/wp-content\/uploads\/2016\/07\/Clhoe_2016-480x319.jpg\" alt=\"Clhoe_2016\" width=\"480\" height=\"319\" srcset=\"http:\/\/aeroclub-abbeville.fr\/wp-content\/uploads\/2016\/07\/Clhoe_2016-480x319.jpg 480w, http:\/\/aeroclub-abbeville.fr\/wp-content\/uploads\/2016\/07\/Clhoe_2016.jpg 600w\" sizes=\"(max-width: 480px) 100vw, 480px\" \/><\/td>\n<\/tr>\n<tr>\n<td><\/td>\n<td><\/td>\n<\/tr>\n<\/tbody>\n<\/table>\n<p>Premier jour des Championnats de France \u00e0 La Roche sur Yon,<br \/>\n<a class=\"profileLink\" href=\"https:\/\/www.facebook.com\/chloe.martinez.509\" data-hovercard=\"\/ajax\/hovercard\/user.php?id=100000436212641\">Chlo\u00e9<\/a> et <a class=\"profileLink\" href=\"https:\/\/www.facebook.com\/suzanne.caudrelier\" data-hovercard=\"\/ajax\/hovercard\/user.php?id=1579182058\">Suzanne<\/a> repr\u00e9sentent le club d&rsquo;Abbeville dans la cat\u00e9gorie f\u00e9minine.<\/p>\n<p>La comp\u00e9tition se d\u00e9roulera du 9 au 16 juillet. Suivez les r\u00e9sultats sur <a href=\"http:\/\/www.soaringspot.com\/fr\/championnat-france-feminin-18m-libres-vendee-la-roche-2016\/\">Soaring Spots<\/a> et sur <a href=\"https:\/\/www.facebook.com\/laroche.vav2016\/?ref=aymt_homepage_panel\">Facebook<\/a><\/p>\n<p>&nbsp;<\/p>\n","protected":false},"excerpt":{"rendered":"<p>Premier jour des Championnats de France \u00e0 La Roche sur Yon, Chlo\u00e9 et Suzanne repr\u00e9sentent le club d&rsquo;Abbeville dans la cat\u00e9gorie f\u00e9minine. La comp\u00e9tition se d\u00e9roulera du 9 au 16 juillet. Suivez les r\u00e9sultats sur Soaring Spots et sur Facebook &nbsp;<\/p>\n","protected":false},"author":67,"featured_media":0,"comment_status":"open","ping_status":"open","sticky":false,"template":"","format":"standard","meta":{"inline_featured_image":false,"footnotes":""},"categories":[4,13,19],"tags":[],"class_list":["post-1539","post","type-post","status-publish","format-standard","hentry","category-competitions","category-planeur","category-vol-a-voile"],"_links":{"self":[{"href":"http:\/\/aeroclub-abbeville.fr\/index.php?rest_route=\/wp\/v2\/posts\/1539","targetHints":{"allow":["GET"]}}],"collection":[{"href":"http:\/\/aeroclub-abbeville.fr\/index.php?rest_route=\/wp\/v2\/posts"}],"about":[{"href":"http:\/\/aeroclub-abbeville.fr\/index.php?rest_route=\/wp\/v2\/types\/post"}],"author":[{"embeddable":true,"href":"http:\/\/aeroclub-abbeville.fr\/index.php?rest_route=\/wp\/v2\/users\/67"}],"replies":[{"embeddable":true,"href":"http:\/\/aeroclub-abbeville.fr\/index.php?rest_route=%2Fwp%2Fv2%2Fcomments&post=1539"}],"version-history":[{"count":3,"href":"http:\/\/aeroclub-abbeville.fr\/index.php?rest_route=\/wp\/v2\/posts\/1539\/revisions"}],"predecessor-version":[{"id":1544,"href":"http:\/\/aeroclub-abbeville.fr\/index.php?rest_route=\/wp\/v2\/posts\/1539\/revisions\/1544"}],"wp:attachment":[{"href":"http:\/\/aeroclub-abbeville.fr\/index.php?rest_route=%2Fwp%2Fv2%2Fmedia&parent=1539"}],"wp:term":[{"taxonomy":"category","embeddable":true,"href":"http:\/\/aeroclub-abbeville.fr\/index.php?rest_route=%2Fwp%2Fv2%2Fcategories&post=1539"},{"taxonomy":"post_tag","embeddable":true,"href":"http:\/\/aeroclub-abbeville.fr\/index.php?rest_route=%2Fwp%2Fv2%2Ftags&post=1539"}],"curies":[{"name":"wp","href":"https:\/\/api.w.org\/{rel}","templated":true}]}}