{"id":1548,"date":"2016-07-23T09:52:45","date_gmt":"2016-07-23T08:52:45","guid":{"rendered":"http:\/\/aeroclub-abbeville.fr\/?p=1548"},"modified":"2016-07-25T10:22:31","modified_gmt":"2016-07-25T09:22:31","slug":"stage-dete-troyes","status":"publish","type":"post","link":"http:\/\/aeroclub-abbeville.fr\/?p=1548","title":{"rendered":"Stage d&rsquo;\u00e9t\u00e9 Troyes"},"content":{"rendered":"<p>Comme chaque ann\u00e9e depuis maintenant 5 ans le club d\u2019Abbeville d\u00e9place toutes ces activit\u00e9s sur la plateforme de Troyes dans l\u2019Aube pour le stage d\u2019\u00e9t\u00e9.<br \/>\nC\u2019est toujours avec une ambiance conviviale que le stage se d\u00e9roule.<br \/>\nMalgr\u00e9 une m\u00e9t\u00e9o un peu capricieuse lors de cette premi\u00e8re semaine, les Abbevillois n\u2019ont pu voler que de dimanche \u00e0 mercredi. Mais les jours de petit temps, des tours de piste ont pu faire le bonheur des \u00e9l\u00e8ves en fin de parcours.<\/p>\n<p>&nbsp;<\/p>\n<p><img fetchpriority=\"high\" decoding=\"async\" class=\"alignnone size-medium wp-image-1554\" src=\"http:\/\/aeroclub-abbeville.fr\/wp-content\/uploads\/2016\/07\/IMG_9200petit-480x320.jpg\" alt=\"IMG_9200petit\" width=\"480\" height=\"320\" \/><\/p>\n<p>&nbsp;<\/p>\n","protected":false},"excerpt":{"rendered":"<p>Comme chaque ann\u00e9e depuis maintenant 5 ans le club d\u2019Abbeville d\u00e9place toutes ces activit\u00e9s sur la plateforme de Troyes dans l\u2019Aube pour le stage d\u2019\u00e9t\u00e9. C\u2019est toujours avec une ambiance conviviale que le stage se d\u00e9roule. Malgr\u00e9 une m\u00e9t\u00e9o un peu capricieuse lors de cette premi\u00e8re semaine, les Abbevillois n\u2019ont pu voler que de dimanche [&hellip;]<\/p>\n","protected":false},"author":4,"featured_media":0,"comment_status":"open","ping_status":"open","sticky":false,"template":"","format":"standard","meta":{"inline_featured_image":false,"footnotes":""},"categories":[3,6,8,1,13,18,19],"tags":[],"class_list":["post-1548","post","type-post","status-publish","format-standard","hentry","category-club","category-formation","category-formation_planeur","category-non-classe","category-planeur","category-vie-du-club","category-vol-a-voile"],"_links":{"self":[{"href":"http:\/\/aeroclub-abbeville.fr\/index.php?rest_route=\/wp\/v2\/posts\/1548","targetHints":{"allow":["GET"]}}],"collection":[{"href":"http:\/\/aeroclub-abbeville.fr\/index.php?rest_route=\/wp\/v2\/posts"}],"about":[{"href":"http:\/\/aeroclub-abbeville.fr\/index.php?rest_route=\/wp\/v2\/types\/post"}],"author":[{"embeddable":true,"href":"http:\/\/aeroclub-abbeville.fr\/index.php?rest_route=\/wp\/v2\/users\/4"}],"replies":[{"embeddable":true,"href":"http:\/\/aeroclub-abbeville.fr\/index.php?rest_route=%2Fwp%2Fv2%2Fcomments&post=1548"}],"version-history":[{"count":3,"href":"http:\/\/aeroclub-abbeville.fr\/index.php?rest_route=\/wp\/v2\/posts\/1548\/revisions"}],"predecessor-version":[{"id":1560,"href":"http:\/\/aeroclub-abbeville.fr\/index.php?rest_route=\/wp\/v2\/posts\/1548\/revisions\/1560"}],"wp:attachment":[{"href":"http:\/\/aeroclub-abbeville.fr\/index.php?rest_route=%2Fwp%2Fv2%2Fmedia&parent=1548"}],"wp:term":[{"taxonomy":"category","embeddable":true,"href":"http:\/\/aeroclub-abbeville.fr\/index.php?rest_route=%2Fwp%2Fv2%2Fcategories&post=1548"},{"taxonomy":"post_tag","embeddable":true,"href":"http:\/\/aeroclub-abbeville.fr\/index.php?rest_route=%2Fwp%2Fv2%2Ftags&post=1548"}],"curies":[{"name":"wp","href":"https:\/\/api.w.org\/{rel}","templated":true}]}}