{"id":1561,"date":"2016-07-25T10:51:07","date_gmt":"2016-07-25T09:51:07","guid":{"rendered":"http:\/\/aeroclub-abbeville.fr\/?p=1561"},"modified":"2016-07-25T10:51:07","modified_gmt":"2016-07-25T09:51:07","slug":"premier-700-km-en-planeur","status":"publish","type":"post","link":"http:\/\/aeroclub-abbeville.fr\/?p=1561","title":{"rendered":"Premier 700 km en planeur"},"content":{"rendered":"<p>Hier le 24 juillet, Olivier Caudrelier a r\u00e9alis\u00e9 son premier 700 km \u00e0 bord de son nouveau Lak 17. Au d\u00e9part de Troyes, il d&rsquo;abord, vir\u00e9 Chartres, puis a \u00e9t\u00e9 oblig\u00e9 de remonter Nord avant Avalon, les conditions n&rsquo;\u00e9tant pas aussi bonnes sur l&rsquo;Est. Il est ensuite remont\u00e9 sur Reims avant de revenir sur Troyes. Les 700 kms, ont \u00e9t\u00e9 parcourus en environ 7 heures de vol, soit 100 km\/h de moyenne.<\/p>\n<p><img fetchpriority=\"high\" decoding=\"async\" class=\"alignnone size-full wp-image-1563\" src=\"http:\/\/aeroclub-abbeville.fr\/wp-content\/uploads\/2016\/07\/Olivier_700-1.png\" alt=\"Olivier_700\" width=\"600\" height=\"444\" srcset=\"http:\/\/aeroclub-abbeville.fr\/wp-content\/uploads\/2016\/07\/Olivier_700-1.png 600w, http:\/\/aeroclub-abbeville.fr\/wp-content\/uploads\/2016\/07\/Olivier_700-1-480x355.png 480w\" sizes=\"(max-width: 600px) 100vw, 600px\" \/><\/p>\n<p>Il a rencontr\u00e9 des ascendances moyennes de 2 \u00e0 3 m\/s avec la meilleure \u00e0 6 m\/s, ainsi qu&rsquo;un plafond de 1600 m. Sachant qu&rsquo;Olivier ne vole sur ce planeur que depuis le printemps, et que les conditions \u00e9taient bonnes sans \u00eatre exceptionnelles, on peut s&rsquo;attendre \u00e0 ce qu&rsquo;il batte a nouveau son record bient\u00f4t, avec des 750, 800 et pourquoi pas plus. Toutes nos f\u00e9licitations \u00e0 notre pilote.<\/p>\n","protected":false},"excerpt":{"rendered":"<p>Hier le 24 juillet, Olivier Caudrelier a r\u00e9alis\u00e9 son premier 700 km \u00e0 bord de son nouveau Lak 17. Au d\u00e9part de Troyes, il d&rsquo;abord, vir\u00e9 Chartres, puis a \u00e9t\u00e9 oblig\u00e9 de remonter Nord avant Avalon, les conditions n&rsquo;\u00e9tant pas aussi bonnes sur l&rsquo;Est. Il est ensuite remont\u00e9 sur Reims avant de revenir sur Troyes. [&hellip;]<\/p>\n","protected":false},"author":67,"featured_media":0,"comment_status":"open","ping_status":"open","sticky":false,"template":"","format":"standard","meta":{"inline_featured_image":false,"footnotes":""},"categories":[3,4,13,18,19],"tags":[],"class_list":["post-1561","post","type-post","status-publish","format-standard","hentry","category-club","category-competitions","category-planeur","category-vie-du-club","category-vol-a-voile"],"_links":{"self":[{"href":"http:\/\/aeroclub-abbeville.fr\/index.php?rest_route=\/wp\/v2\/posts\/1561","targetHints":{"allow":["GET"]}}],"collection":[{"href":"http:\/\/aeroclub-abbeville.fr\/index.php?rest_route=\/wp\/v2\/posts"}],"about":[{"href":"http:\/\/aeroclub-abbeville.fr\/index.php?rest_route=\/wp\/v2\/types\/post"}],"author":[{"embeddable":true,"href":"http:\/\/aeroclub-abbeville.fr\/index.php?rest_route=\/wp\/v2\/users\/67"}],"replies":[{"embeddable":true,"href":"http:\/\/aeroclub-abbeville.fr\/index.php?rest_route=%2Fwp%2Fv2%2Fcomments&post=1561"}],"version-history":[{"count":1,"href":"http:\/\/aeroclub-abbeville.fr\/index.php?rest_route=\/wp\/v2\/posts\/1561\/revisions"}],"predecessor-version":[{"id":1564,"href":"http:\/\/aeroclub-abbeville.fr\/index.php?rest_route=\/wp\/v2\/posts\/1561\/revisions\/1564"}],"wp:attachment":[{"href":"http:\/\/aeroclub-abbeville.fr\/index.php?rest_route=%2Fwp%2Fv2%2Fmedia&parent=1561"}],"wp:term":[{"taxonomy":"category","embeddable":true,"href":"http:\/\/aeroclub-abbeville.fr\/index.php?rest_route=%2Fwp%2Fv2%2Fcategories&post=1561"},{"taxonomy":"post_tag","embeddable":true,"href":"http:\/\/aeroclub-abbeville.fr\/index.php?rest_route=%2Fwp%2Fv2%2Ftags&post=1561"}],"curies":[{"name":"wp","href":"https:\/\/api.w.org\/{rel}","templated":true}]}}