{"id":1566,"date":"2016-07-28T09:32:54","date_gmt":"2016-07-28T08:32:54","guid":{"rendered":"http:\/\/aeroclub-abbeville.fr\/?p=1566"},"modified":"2016-07-28T09:32:54","modified_gmt":"2016-07-28T08:32:54","slug":"trois-nouveaux-laches-a-troyes","status":"publish","type":"post","link":"http:\/\/aeroclub-abbeville.fr\/?p=1566","title":{"rendered":"Trois nouveaux l\u00e2ch\u00e9s \u00e0 Troyes"},"content":{"rendered":"<p>Le stage d&rsquo;\u00e9t\u00e9 de Troyes se d\u00e9roule pour le mieux pour les Abbevillois.<br \/>\nEn effet, depuis le d\u00e9but, trois v\u00e9livoles se sont fait l\u00e2ch\u00e9s sur la plateforme de Troyes.<br \/>\nF\u00e9licitations \u00e0 Nicolas Caudrelier, Jean-Pierre Galland et Baptiste Caudrelier pour cette premi\u00e8re \u00e9tape importante dans leur carri\u00e8re de v\u00e9livole!<\/p>\n<table>\n<tbody>\n<tr>\n<td><img fetchpriority=\"high\" decoding=\"async\" class=\"alignnone size-medium wp-image-1567\" src=\"http:\/\/aeroclub-abbeville.fr\/wp-content\/uploads\/2016\/07\/IMG_9201-480x320.jpg\" alt=\"IMG_9201\" width=\"480\" height=\"320\" srcset=\"http:\/\/aeroclub-abbeville.fr\/wp-content\/uploads\/2016\/07\/IMG_9201-480x320.jpg 480w, http:\/\/aeroclub-abbeville.fr\/wp-content\/uploads\/2016\/07\/IMG_9201.jpg 600w\" sizes=\"(max-width: 480px) 100vw, 480px\" \/><\/td>\n<td><img decoding=\"async\" class=\"alignnone  wp-image-1568\" src=\"http:\/\/aeroclub-abbeville.fr\/wp-content\/uploads\/2016\/07\/IMG_9263.jpg\" alt=\"IMG_9263\" width=\"469\" height=\"299\" \/><\/td>\n<\/tr>\n<tr>\n<td><img decoding=\"async\" class=\"alignnone size-medium wp-image-1569\" src=\"http:\/\/aeroclub-abbeville.fr\/wp-content\/uploads\/2016\/07\/IMG_9307-480x320.jpg\" alt=\"IMG_9307\" width=\"480\" height=\"320\" srcset=\"http:\/\/aeroclub-abbeville.fr\/wp-content\/uploads\/2016\/07\/IMG_9307-480x320.jpg 480w, http:\/\/aeroclub-abbeville.fr\/wp-content\/uploads\/2016\/07\/IMG_9307.jpg 600w\" sizes=\"(max-width: 480px) 100vw, 480px\" \/><\/td>\n<td><img loading=\"lazy\" decoding=\"async\" class=\"alignnone size-medium wp-image-1570\" src=\"http:\/\/aeroclub-abbeville.fr\/wp-content\/uploads\/2016\/07\/IMG_9375-480x320.jpg\" alt=\"IMG_9375\" width=\"480\" height=\"320\" srcset=\"http:\/\/aeroclub-abbeville.fr\/wp-content\/uploads\/2016\/07\/IMG_9375-480x320.jpg 480w, http:\/\/aeroclub-abbeville.fr\/wp-content\/uploads\/2016\/07\/IMG_9375.jpg 600w\" sizes=\"(max-width: 480px) 100vw, 480px\" \/><\/td>\n<\/tr>\n<\/tbody>\n<\/table>\n<p>&nbsp;<\/p>\n<p>&nbsp;<\/p>\n<p>&nbsp;<\/p>\n<p>&nbsp;<\/p>\n","protected":false},"excerpt":{"rendered":"<p>Le stage d&rsquo;\u00e9t\u00e9 de Troyes se d\u00e9roule pour le mieux pour les Abbevillois. En effet, depuis le d\u00e9but, trois v\u00e9livoles se sont fait l\u00e2ch\u00e9s sur la plateforme de Troyes. F\u00e9licitations \u00e0 Nicolas Caudrelier, Jean-Pierre Galland et Baptiste Caudrelier pour cette premi\u00e8re \u00e9tape importante dans leur carri\u00e8re de v\u00e9livole! &nbsp; &nbsp; &nbsp; &nbsp;<\/p>\n","protected":false},"author":4,"featured_media":0,"comment_status":"open","ping_status":"open","sticky":false,"template":"","format":"standard","meta":{"inline_featured_image":false,"footnotes":""},"categories":[1],"tags":[],"class_list":["post-1566","post","type-post","status-publish","format-standard","hentry","category-non-classe"],"_links":{"self":[{"href":"http:\/\/aeroclub-abbeville.fr\/index.php?rest_route=\/wp\/v2\/posts\/1566","targetHints":{"allow":["GET"]}}],"collection":[{"href":"http:\/\/aeroclub-abbeville.fr\/index.php?rest_route=\/wp\/v2\/posts"}],"about":[{"href":"http:\/\/aeroclub-abbeville.fr\/index.php?rest_route=\/wp\/v2\/types\/post"}],"author":[{"embeddable":true,"href":"http:\/\/aeroclub-abbeville.fr\/index.php?rest_route=\/wp\/v2\/users\/4"}],"replies":[{"embeddable":true,"href":"http:\/\/aeroclub-abbeville.fr\/index.php?rest_route=%2Fwp%2Fv2%2Fcomments&post=1566"}],"version-history":[{"count":3,"href":"http:\/\/aeroclub-abbeville.fr\/index.php?rest_route=\/wp\/v2\/posts\/1566\/revisions"}],"predecessor-version":[{"id":1573,"href":"http:\/\/aeroclub-abbeville.fr\/index.php?rest_route=\/wp\/v2\/posts\/1566\/revisions\/1573"}],"wp:attachment":[{"href":"http:\/\/aeroclub-abbeville.fr\/index.php?rest_route=%2Fwp%2Fv2%2Fmedia&parent=1566"}],"wp:term":[{"taxonomy":"category","embeddable":true,"href":"http:\/\/aeroclub-abbeville.fr\/index.php?rest_route=%2Fwp%2Fv2%2Fcategories&post=1566"},{"taxonomy":"post_tag","embeddable":true,"href":"http:\/\/aeroclub-abbeville.fr\/index.php?rest_route=%2Fwp%2Fv2%2Ftags&post=1566"}],"curies":[{"name":"wp","href":"https:\/\/api.w.org\/{rel}","templated":true}]}}