{"id":1593,"date":"2016-12-18T19:09:31","date_gmt":"2016-12-18T18:09:31","guid":{"rendered":"http:\/\/aeroclub-abbeville.fr\/?p=1593"},"modified":"2016-12-18T19:09:48","modified_gmt":"2016-12-18T18:09:48","slug":"nos-brevetes-de-fin-dannee","status":"publish","type":"post","link":"http:\/\/aeroclub-abbeville.fr\/?p=1593","title":{"rendered":"Nos brevet\u00e9s de fin d&rsquo;ann\u00e9e"},"content":{"rendered":"<p>Trois nouveaux brevets en cette fin 2016:<br \/>\n&#8211;\u00a0brevet de pilote de\u00a0planeur: Jean-Pierre GALLAND (Instructeur: Fr\u00e9d\u00e9ric PEIGNOT; testeur: Jean-Pierre LIGNIER)<\/p>\n<p><img decoding=\"async\" class=\"alignnone size-full wp-image-1599\" src=\"http:\/\/aeroclub-abbeville.fr\/wp-content\/uploads\/2016\/12\/GALLAND-Jean-Pierre.jpg\" alt=\"galland-jean-pierre\" width=\"108\" height=\"141\" \/><\/p>\n<p>&#8211; brevet de pilote d&rsquo;ULM 3 axes: Alexandre FIERAIN (d\u00e9j\u00e0 pilote de planeur) (instructeur: Fran\u00e7ois DUVOLLET)<\/p>\n<p><img decoding=\"async\" class=\"alignnone wp-image-1602\" src=\"http:\/\/aeroclub-abbeville.fr\/wp-content\/uploads\/2016\/12\/FIERAIN-Alexandre.jpg\" alt=\"fierain-alexandre\" width=\"112\" height=\"139\" \/><br \/>\n&#8211; PPL avion: Fr\u00e9d\u00e9ric LEROY (Instructeur: Claude DELOHEN)<\/p>\n<p><img decoding=\"async\" class=\"alignnone wp-image-1600\" src=\"http:\/\/aeroclub-abbeville.fr\/wp-content\/uploads\/2016\/12\/LEROY-Fr\u00e9d\u00e9ric.jpg\" alt=\"leroy-frederic\" width=\"129\" height=\"168\" \/><\/p>\n","protected":false},"excerpt":{"rendered":"<p>Trois nouveaux brevets en cette fin 2016: &#8211;\u00a0brevet de pilote de\u00a0planeur: Jean-Pierre GALLAND (Instructeur: Fr\u00e9d\u00e9ric PEIGNOT; testeur: Jean-Pierre LIGNIER) &#8211; brevet de pilote d&rsquo;ULM 3 axes: Alexandre FIERAIN (d\u00e9j\u00e0 pilote de planeur) (instructeur: Fran\u00e7ois DUVOLLET) &#8211; PPL avion: Fr\u00e9d\u00e9ric LEROY (Instructeur: Claude DELOHEN)<\/p>\n","protected":false},"author":20,"featured_media":0,"comment_status":"open","ping_status":"open","sticky":false,"template":"","format":"standard","meta":{"inline_featured_image":false,"footnotes":""},"categories":[1],"tags":[],"class_list":["post-1593","post","type-post","status-publish","format-standard","hentry","category-non-classe"],"_links":{"self":[{"href":"http:\/\/aeroclub-abbeville.fr\/index.php?rest_route=\/wp\/v2\/posts\/1593","targetHints":{"allow":["GET"]}}],"collection":[{"href":"http:\/\/aeroclub-abbeville.fr\/index.php?rest_route=\/wp\/v2\/posts"}],"about":[{"href":"http:\/\/aeroclub-abbeville.fr\/index.php?rest_route=\/wp\/v2\/types\/post"}],"author":[{"embeddable":true,"href":"http:\/\/aeroclub-abbeville.fr\/index.php?rest_route=\/wp\/v2\/users\/20"}],"replies":[{"embeddable":true,"href":"http:\/\/aeroclub-abbeville.fr\/index.php?rest_route=%2Fwp%2Fv2%2Fcomments&post=1593"}],"version-history":[{"count":3,"href":"http:\/\/aeroclub-abbeville.fr\/index.php?rest_route=\/wp\/v2\/posts\/1593\/revisions"}],"predecessor-version":[{"id":1603,"href":"http:\/\/aeroclub-abbeville.fr\/index.php?rest_route=\/wp\/v2\/posts\/1593\/revisions\/1603"}],"wp:attachment":[{"href":"http:\/\/aeroclub-abbeville.fr\/index.php?rest_route=%2Fwp%2Fv2%2Fmedia&parent=1593"}],"wp:term":[{"taxonomy":"category","embeddable":true,"href":"http:\/\/aeroclub-abbeville.fr\/index.php?rest_route=%2Fwp%2Fv2%2Fcategories&post=1593"},{"taxonomy":"post_tag","embeddable":true,"href":"http:\/\/aeroclub-abbeville.fr\/index.php?rest_route=%2Fwp%2Fv2%2Ftags&post=1593"}],"curies":[{"name":"wp","href":"https:\/\/api.w.org\/{rel}","templated":true}]}}