{"id":161,"date":"2013-07-08T18:00:18","date_gmt":"2013-07-08T17:00:18","guid":{"rendered":"http:\/\/web.aeroclub-abbeville.fr\/aeroclub\/?p=161"},"modified":"2013-07-08T18:00:18","modified_gmt":"2013-07-08T17:00:18","slug":"un-nouveau-lacher-au-vol-a-voile","status":"publish","type":"post","link":"http:\/\/aeroclub-abbeville.fr\/?p=161","title":{"rendered":"Un nouveau l\u00e2cher au vol \u00e0 voile"},"content":{"rendered":"<p>En effet, ce lundi 8 juillet, Etienne Lamote s&rsquo;est fait l\u00e2ch\u00e9 en planeur.<br \/>\nNous lui souhaitons plein de beau vol pour cette saison 2013 qui ne fait que commencer!<br \/>\n<a title=\"etienne.jpg\" href=\"http:\/\/wiki.aeroclub-abbeville.fr\/lib\/exe\/detail.php\/etienne.jpg?id=Accueil\"><img decoding=\"async\" title=\"etienne.jpg\" alt=\"etienne.jpg\" src=\"http:\/\/wiki.aeroclub-abbeville.fr\/lib\/exe\/fetch.php\/etienne.jpg?w=400\" width=\"400\" \/><\/a><\/p>\n","protected":false},"excerpt":{"rendered":"<p>En effet, ce lundi 8 juillet, Etienne Lamote s&rsquo;est fait l\u00e2ch\u00e9 en planeur. Nous lui souhaitons plein de beau vol pour cette saison 2013 qui ne fait que commencer!<\/p>\n","protected":false},"author":67,"featured_media":0,"comment_status":"open","ping_status":"open","sticky":false,"template":"","format":"standard","meta":{"inline_featured_image":false,"footnotes":""},"categories":[6,8,13],"tags":[],"class_list":["post-161","post","type-post","status-publish","format-standard","hentry","category-formation","category-formation_planeur","category-planeur"],"_links":{"self":[{"href":"http:\/\/aeroclub-abbeville.fr\/index.php?rest_route=\/wp\/v2\/posts\/161","targetHints":{"allow":["GET"]}}],"collection":[{"href":"http:\/\/aeroclub-abbeville.fr\/index.php?rest_route=\/wp\/v2\/posts"}],"about":[{"href":"http:\/\/aeroclub-abbeville.fr\/index.php?rest_route=\/wp\/v2\/types\/post"}],"author":[{"embeddable":true,"href":"http:\/\/aeroclub-abbeville.fr\/index.php?rest_route=\/wp\/v2\/users\/67"}],"replies":[{"embeddable":true,"href":"http:\/\/aeroclub-abbeville.fr\/index.php?rest_route=%2Fwp%2Fv2%2Fcomments&post=161"}],"version-history":[{"count":0,"href":"http:\/\/aeroclub-abbeville.fr\/index.php?rest_route=\/wp\/v2\/posts\/161\/revisions"}],"wp:attachment":[{"href":"http:\/\/aeroclub-abbeville.fr\/index.php?rest_route=%2Fwp%2Fv2%2Fmedia&parent=161"}],"wp:term":[{"taxonomy":"category","embeddable":true,"href":"http:\/\/aeroclub-abbeville.fr\/index.php?rest_route=%2Fwp%2Fv2%2Fcategories&post=161"},{"taxonomy":"post_tag","embeddable":true,"href":"http:\/\/aeroclub-abbeville.fr\/index.php?rest_route=%2Fwp%2Fv2%2Ftags&post=161"}],"curies":[{"name":"wp","href":"https:\/\/api.w.org\/{rel}","templated":true}]}}