{"id":1613,"date":"2017-01-10T10:19:51","date_gmt":"2017-01-10T09:19:51","guid":{"rendered":"http:\/\/aeroclub-abbeville.fr\/?p=1613"},"modified":"2017-01-10T10:19:51","modified_gmt":"2017-01-10T09:19:51","slug":"reunion-vol-a-voile","status":"publish","type":"post","link":"http:\/\/aeroclub-abbeville.fr\/?p=1613","title":{"rendered":"R\u00e9union Vol \u00e0 voile"},"content":{"rendered":"<p>Une r\u00e9union des v\u00e9livoles est pr\u00e9vue ce samedi 14 janvier \u00e0 17h30.<br \/>\nObjet: pr\u00e9paration du concours interr\u00e9gional.<\/p>\n<p><img fetchpriority=\"high\" decoding=\"async\" class=\"alignnone size-medium wp-image-1618\" src=\"http:\/\/aeroclub-abbeville.fr\/wp-content\/uploads\/2017\/01\/concours2013-1-480x360.jpg\" alt=\"concours2013-1\" width=\"480\" height=\"360\" srcset=\"http:\/\/aeroclub-abbeville.fr\/wp-content\/uploads\/2017\/01\/concours2013-1-480x360.jpg 480w, http:\/\/aeroclub-abbeville.fr\/wp-content\/uploads\/2017\/01\/concours2013-1-768x576.jpg 768w, http:\/\/aeroclub-abbeville.fr\/wp-content\/uploads\/2017\/01\/concours2013-1.jpg 1024w, http:\/\/aeroclub-abbeville.fr\/wp-content\/uploads\/2017\/01\/concours2013-1-624x468.jpg 624w\" sizes=\"(max-width: 480px) 100vw, 480px\" \/><\/p>\n<p><em>Souvenir du concours 2013<\/em><\/p>\n<p>&nbsp;<\/p>\n","protected":false},"excerpt":{"rendered":"<p>Une r\u00e9union des v\u00e9livoles est pr\u00e9vue ce samedi 14 janvier \u00e0 17h30. Objet: pr\u00e9paration du concours interr\u00e9gional. Souvenir du concours 2013 &nbsp;<\/p>\n","protected":false},"author":20,"featured_media":0,"comment_status":"open","ping_status":"open","sticky":false,"template":"","format":"standard","meta":{"inline_featured_image":false,"footnotes":""},"categories":[1],"tags":[],"class_list":["post-1613","post","type-post","status-publish","format-standard","hentry","category-non-classe"],"_links":{"self":[{"href":"http:\/\/aeroclub-abbeville.fr\/index.php?rest_route=\/wp\/v2\/posts\/1613","targetHints":{"allow":["GET"]}}],"collection":[{"href":"http:\/\/aeroclub-abbeville.fr\/index.php?rest_route=\/wp\/v2\/posts"}],"about":[{"href":"http:\/\/aeroclub-abbeville.fr\/index.php?rest_route=\/wp\/v2\/types\/post"}],"author":[{"embeddable":true,"href":"http:\/\/aeroclub-abbeville.fr\/index.php?rest_route=\/wp\/v2\/users\/20"}],"replies":[{"embeddable":true,"href":"http:\/\/aeroclub-abbeville.fr\/index.php?rest_route=%2Fwp%2Fv2%2Fcomments&post=1613"}],"version-history":[{"count":2,"href":"http:\/\/aeroclub-abbeville.fr\/index.php?rest_route=\/wp\/v2\/posts\/1613\/revisions"}],"predecessor-version":[{"id":1619,"href":"http:\/\/aeroclub-abbeville.fr\/index.php?rest_route=\/wp\/v2\/posts\/1613\/revisions\/1619"}],"wp:attachment":[{"href":"http:\/\/aeroclub-abbeville.fr\/index.php?rest_route=%2Fwp%2Fv2%2Fmedia&parent=1613"}],"wp:term":[{"taxonomy":"category","embeddable":true,"href":"http:\/\/aeroclub-abbeville.fr\/index.php?rest_route=%2Fwp%2Fv2%2Fcategories&post=1613"},{"taxonomy":"post_tag","embeddable":true,"href":"http:\/\/aeroclub-abbeville.fr\/index.php?rest_route=%2Fwp%2Fv2%2Ftags&post=1613"}],"curies":[{"name":"wp","href":"https:\/\/api.w.org\/{rel}","templated":true}]}}