{"id":1617,"date":"2017-01-10T10:28:44","date_gmt":"2017-01-10T09:28:44","guid":{"rendered":"http:\/\/aeroclub-abbeville.fr\/?p=1617"},"modified":"2017-01-10T10:28:44","modified_gmt":"2017-01-10T09:28:44","slug":"galette-des-rois","status":"publish","type":"post","link":"http:\/\/aeroclub-abbeville.fr\/?p=1617","title":{"rendered":"Galette des rois"},"content":{"rendered":"<p>Comme chaque ann\u00e9e, les v\u00e9livoles organisent une galette des rois\u00a0 ce samedi 14 janvier apr\u00e8s la r\u00e9union vol \u00e0 voile (vers 18h30).<br \/>\n<strong>Tous les membres de l&rsquo;a\u00e9roclub sont cordialement invit\u00e9s.<\/strong><br \/>\nAttention! il est n\u00e9cessaire de s&rsquo;inscrire aupr\u00e8s de Louis (louis.adams@orange.fr) ou de Mathieu (mathieu.caudrelier@free.fr).<\/p>\n<p><img fetchpriority=\"high\" decoding=\"async\" class=\"alignnone size-full wp-image-1622\" src=\"http:\/\/aeroclub-abbeville.fr\/wp-content\/uploads\/2017\/01\/Galette2.jpg\" alt=\"galette2\" width=\"320\" height=\"320\" srcset=\"http:\/\/aeroclub-abbeville.fr\/wp-content\/uploads\/2017\/01\/Galette2.jpg 320w, http:\/\/aeroclub-abbeville.fr\/wp-content\/uploads\/2017\/01\/Galette2-150x150.jpg 150w\" sizes=\"(max-width: 320px) 100vw, 320px\" \/><\/p>\n","protected":false},"excerpt":{"rendered":"<p>Comme chaque ann\u00e9e, les v\u00e9livoles organisent une galette des rois\u00a0 ce samedi 14 janvier apr\u00e8s la r\u00e9union vol \u00e0 voile (vers 18h30). Tous les membres de l&rsquo;a\u00e9roclub sont cordialement invit\u00e9s. Attention! il est n\u00e9cessaire de s&rsquo;inscrire aupr\u00e8s de Louis (louis.adams@orange.fr) ou de Mathieu (mathieu.caudrelier@free.fr).<\/p>\n","protected":false},"author":20,"featured_media":0,"comment_status":"open","ping_status":"open","sticky":false,"template":"","format":"standard","meta":{"inline_featured_image":false,"footnotes":""},"categories":[1],"tags":[],"class_list":["post-1617","post","type-post","status-publish","format-standard","hentry","category-non-classe"],"_links":{"self":[{"href":"http:\/\/aeroclub-abbeville.fr\/index.php?rest_route=\/wp\/v2\/posts\/1617","targetHints":{"allow":["GET"]}}],"collection":[{"href":"http:\/\/aeroclub-abbeville.fr\/index.php?rest_route=\/wp\/v2\/posts"}],"about":[{"href":"http:\/\/aeroclub-abbeville.fr\/index.php?rest_route=\/wp\/v2\/types\/post"}],"author":[{"embeddable":true,"href":"http:\/\/aeroclub-abbeville.fr\/index.php?rest_route=\/wp\/v2\/users\/20"}],"replies":[{"embeddable":true,"href":"http:\/\/aeroclub-abbeville.fr\/index.php?rest_route=%2Fwp%2Fv2%2Fcomments&post=1617"}],"version-history":[{"count":2,"href":"http:\/\/aeroclub-abbeville.fr\/index.php?rest_route=\/wp\/v2\/posts\/1617\/revisions"}],"predecessor-version":[{"id":1623,"href":"http:\/\/aeroclub-abbeville.fr\/index.php?rest_route=\/wp\/v2\/posts\/1617\/revisions\/1623"}],"wp:attachment":[{"href":"http:\/\/aeroclub-abbeville.fr\/index.php?rest_route=%2Fwp%2Fv2%2Fmedia&parent=1617"}],"wp:term":[{"taxonomy":"category","embeddable":true,"href":"http:\/\/aeroclub-abbeville.fr\/index.php?rest_route=%2Fwp%2Fv2%2Fcategories&post=1617"},{"taxonomy":"post_tag","embeddable":true,"href":"http:\/\/aeroclub-abbeville.fr\/index.php?rest_route=%2Fwp%2Fv2%2Ftags&post=1617"}],"curies":[{"name":"wp","href":"https:\/\/api.w.org\/{rel}","templated":true}]}}