{"id":1624,"date":"2017-02-04T08:19:13","date_gmt":"2017-02-04T07:19:13","guid":{"rendered":"http:\/\/aeroclub-abbeville.fr\/?p=1624"},"modified":"2017-02-04T08:19:13","modified_gmt":"2017-02-04T07:19:13","slug":"assemblee-generale-2017","status":"publish","type":"post","link":"http:\/\/aeroclub-abbeville.fr\/?p=1624","title":{"rendered":"Assembl\u00e9e g\u00e9n\u00e9rale 2017"},"content":{"rendered":"<p>Notre assembl\u00e9e g\u00e9n\u00e9rale annuelle aura lieu le samedi 1er avril \u00e0 17h.<br \/>\nPrenez date d\u00e8s maintenant.<\/p>\n<p><img fetchpriority=\"high\" decoding=\"async\" class=\"alignnone size-medium wp-image-1627\" src=\"http:\/\/aeroclub-abbeville.fr\/wp-content\/uploads\/2017\/02\/image-AG-480x225.jpg\" alt=\"image AG\" width=\"480\" height=\"225\" srcset=\"http:\/\/aeroclub-abbeville.fr\/wp-content\/uploads\/2017\/02\/image-AG-480x225.jpg 480w, http:\/\/aeroclub-abbeville.fr\/wp-content\/uploads\/2017\/02\/image-AG-768x360.jpg 768w, http:\/\/aeroclub-abbeville.fr\/wp-content\/uploads\/2017\/02\/image-AG-624x293.jpg 624w, http:\/\/aeroclub-abbeville.fr\/wp-content\/uploads\/2017\/02\/image-AG.jpg 870w\" sizes=\"(max-width: 480px) 100vw, 480px\" \/><br \/>\nVous pourrez vous inscrire pour le repas qui suivra sur le tableau qui sera affich\u00e9 \u00e0 l&rsquo;accueil en temps utile.<\/p>\n<p>Un rappel: l&rsquo;assembl\u00e9e g\u00e9n\u00e9rale est un moment important de la vie de notre association. Chacun doit y participer, et, en cas d&rsquo;impossibilit\u00e9, \u00e9tablir un pouvoir.<\/p>\n","protected":false},"excerpt":{"rendered":"<p>Notre assembl\u00e9e g\u00e9n\u00e9rale annuelle aura lieu le samedi 1er avril \u00e0 17h. Prenez date d\u00e8s maintenant. Vous pourrez vous inscrire pour le repas qui suivra sur le tableau qui sera affich\u00e9 \u00e0 l&rsquo;accueil en temps utile. Un rappel: l&rsquo;assembl\u00e9e g\u00e9n\u00e9rale est un moment important de la vie de notre association. Chacun doit y participer, et, [&hellip;]<\/p>\n","protected":false},"author":20,"featured_media":0,"comment_status":"open","ping_status":"open","sticky":false,"template":"","format":"standard","meta":{"inline_featured_image":false,"footnotes":""},"categories":[1],"tags":[],"class_list":["post-1624","post","type-post","status-publish","format-standard","hentry","category-non-classe"],"_links":{"self":[{"href":"http:\/\/aeroclub-abbeville.fr\/index.php?rest_route=\/wp\/v2\/posts\/1624","targetHints":{"allow":["GET"]}}],"collection":[{"href":"http:\/\/aeroclub-abbeville.fr\/index.php?rest_route=\/wp\/v2\/posts"}],"about":[{"href":"http:\/\/aeroclub-abbeville.fr\/index.php?rest_route=\/wp\/v2\/types\/post"}],"author":[{"embeddable":true,"href":"http:\/\/aeroclub-abbeville.fr\/index.php?rest_route=\/wp\/v2\/users\/20"}],"replies":[{"embeddable":true,"href":"http:\/\/aeroclub-abbeville.fr\/index.php?rest_route=%2Fwp%2Fv2%2Fcomments&post=1624"}],"version-history":[{"count":2,"href":"http:\/\/aeroclub-abbeville.fr\/index.php?rest_route=\/wp\/v2\/posts\/1624\/revisions"}],"predecessor-version":[{"id":1628,"href":"http:\/\/aeroclub-abbeville.fr\/index.php?rest_route=\/wp\/v2\/posts\/1624\/revisions\/1628"}],"wp:attachment":[{"href":"http:\/\/aeroclub-abbeville.fr\/index.php?rest_route=%2Fwp%2Fv2%2Fmedia&parent=1624"}],"wp:term":[{"taxonomy":"category","embeddable":true,"href":"http:\/\/aeroclub-abbeville.fr\/index.php?rest_route=%2Fwp%2Fv2%2Fcategories&post=1624"},{"taxonomy":"post_tag","embeddable":true,"href":"http:\/\/aeroclub-abbeville.fr\/index.php?rest_route=%2Fwp%2Fv2%2Ftags&post=1624"}],"curies":[{"name":"wp","href":"https:\/\/api.w.org\/{rel}","templated":true}]}}