{"id":163,"date":"2013-07-01T19:11:28","date_gmt":"2013-07-01T18:11:28","guid":{"rendered":"http:\/\/web.aeroclub-abbeville.fr\/aeroclub\/?p=163"},"modified":"2013-07-01T19:11:28","modified_gmt":"2013-07-01T18:11:28","slug":"changement-de-tarif","status":"publish","type":"post","link":"http:\/\/aeroclub-abbeville.fr\/?p=163","title":{"rendered":"Changement de tarif"},"content":{"rendered":"<div>\n<p>Par d\u00e9cision du conseil d&rsquo;administration les tarifs de nos avions sont modifi\u00e9s \u00e0 compter du 1 juillet 2013.<\/p>\n<table>\n<tbody>\n<tr>\n<th>type d&rsquo;appareil<\/th>\n<th>Solo<\/th>\n<th>Instruction<\/th>\n<\/tr>\n<tr>\n<td>120 CV<\/td>\n<td>130,2 \u20ac<\/td>\n<td>145,2 \u20ac<\/td>\n<\/tr>\n<tr>\n<td>160 CV<\/td>\n<td>148,8 \u20ac<\/td>\n<td>163,8 \u20ac<\/td>\n<\/tr>\n<tr>\n<td>Nynja<\/td>\n<td>inchang\u00e9<\/td>\n<td>sans objet<\/td>\n<\/tr>\n<\/tbody>\n<\/table>\n<p>Cette mise \u00e0 jour est n\u00e9cessaire pour trois raisons :<\/p>\n<ul>\n<li>\n<div>Augmentation du prix du carburant ;<\/div>\n<\/li>\n<li>\n<div>Prise en compte de la taxe d&rsquo;atterrissage ;<\/div>\n<\/li>\n<li>\n<div>Augmentation des co\u00fbts de maintenance.<\/div>\n<\/li>\n<\/ul>\n<\/div>\n","protected":false},"excerpt":{"rendered":"<p>Par d\u00e9cision du conseil d&rsquo;administration les tarifs de nos avions sont modifi\u00e9s \u00e0 compter du 1 juillet 2013. type d&rsquo;appareil Solo Instruction 120 CV 130,2 \u20ac 145,2 \u20ac 160 CV 148,8 \u20ac 163,8 \u20ac Nynja inchang\u00e9 sans objet Cette mise \u00e0 jour est n\u00e9cessaire pour trois raisons : Augmentation du prix du carburant ; Prise [&hellip;]<\/p>\n","protected":false},"author":67,"featured_media":0,"comment_status":"open","ping_status":"open","sticky":false,"template":"","format":"standard","meta":{"inline_featured_image":false,"footnotes":""},"categories":[2,17],"tags":[],"class_list":["post-163","post","type-post","status-publish","format-standard","hentry","category-avion","category-ulm"],"_links":{"self":[{"href":"http:\/\/aeroclub-abbeville.fr\/index.php?rest_route=\/wp\/v2\/posts\/163","targetHints":{"allow":["GET"]}}],"collection":[{"href":"http:\/\/aeroclub-abbeville.fr\/index.php?rest_route=\/wp\/v2\/posts"}],"about":[{"href":"http:\/\/aeroclub-abbeville.fr\/index.php?rest_route=\/wp\/v2\/types\/post"}],"author":[{"embeddable":true,"href":"http:\/\/aeroclub-abbeville.fr\/index.php?rest_route=\/wp\/v2\/users\/67"}],"replies":[{"embeddable":true,"href":"http:\/\/aeroclub-abbeville.fr\/index.php?rest_route=%2Fwp%2Fv2%2Fcomments&post=163"}],"version-history":[{"count":0,"href":"http:\/\/aeroclub-abbeville.fr\/index.php?rest_route=\/wp\/v2\/posts\/163\/revisions"}],"wp:attachment":[{"href":"http:\/\/aeroclub-abbeville.fr\/index.php?rest_route=%2Fwp%2Fv2%2Fmedia&parent=163"}],"wp:term":[{"taxonomy":"category","embeddable":true,"href":"http:\/\/aeroclub-abbeville.fr\/index.php?rest_route=%2Fwp%2Fv2%2Fcategories&post=163"},{"taxonomy":"post_tag","embeddable":true,"href":"http:\/\/aeroclub-abbeville.fr\/index.php?rest_route=%2Fwp%2Fv2%2Ftags&post=163"}],"curies":[{"name":"wp","href":"https:\/\/api.w.org\/{rel}","templated":true}]}}