{"id":1641,"date":"2017-05-20T08:17:33","date_gmt":"2017-05-20T07:17:33","guid":{"rendered":"http:\/\/aeroclub-abbeville.fr\/?p=1641"},"modified":"2017-05-20T08:17:33","modified_gmt":"2017-05-20T07:17:33","slug":"de-lactivite-sur-notre-terrain","status":"publish","type":"post","link":"http:\/\/aeroclub-abbeville.fr\/?p=1641","title":{"rendered":"De l&rsquo;activit\u00e9 sur notre terrain"},"content":{"rendered":"<p>Les weekends de l&rsquo;Ascension et de la Pentec\u00f4te verront une forte activit\u00e9 sur notre a\u00e9rodrome:<br \/>\n&#8211; le championnat de vol \u00e0 voile des hauts de France: entre 20 et 30 planeurs seront pr\u00e9sents et participeront aux \u00e9preuves organis\u00e9es chaque jour (si la m\u00e9t\u00e9o le permet) du 25 au 28 mai et du 3 au 5 juin.<br \/>\nEn pratique: d\u00e9collages entre 12 et 14h (heure locale); retours \u00e9chelonn\u00e9s dans l&rsquo;apr\u00e8s midi et en fin de journ\u00e9e.<\/p>\n<p><img fetchpriority=\"high\" decoding=\"async\" class=\"alignnone size-medium wp-image-1645\" src=\"http:\/\/aeroclub-abbeville.fr\/wp-content\/uploads\/2017\/05\/Concours-VV-1-480x344.jpg\" alt=\"Concours VV 1\" width=\"480\" height=\"344\" srcset=\"http:\/\/aeroclub-abbeville.fr\/wp-content\/uploads\/2017\/05\/Concours-VV-1-480x344.jpg 480w, http:\/\/aeroclub-abbeville.fr\/wp-content\/uploads\/2017\/05\/Concours-VV-1-624x447.jpg 624w, http:\/\/aeroclub-abbeville.fr\/wp-content\/uploads\/2017\/05\/Concours-VV-1.jpg 643w\" sizes=\"(max-width: 480px) 100vw, 480px\" \/><\/p>\n<p>&#8211; la rencontre annuelle Bull Chipmeet: une vingtaine d&rsquo;avions qui s&rsquo;entra\u00eeneront au vol en patrouille en 4 groupes (dans les environs de l&rsquo;a\u00e9rodrome) avec une activit\u00e9 voltige \u00e0 la verticale du terrain \u00e0 certaines heures. Plusieurs \u00ab\u00a0tranches&rsquo; d&rsquo;activit\u00e9 dans la journ\u00e9e, du 25 au 28 mai.<\/p>\n<p><img decoding=\"async\" class=\"alignnone size-medium wp-image-1646\" src=\"http:\/\/aeroclub-abbeville.fr\/wp-content\/uploads\/2017\/05\/Bull-Chipmeet2015-2-412x480.jpg\" alt=\"Bull Chipmeet2015 2\" width=\"412\" height=\"480\" srcset=\"http:\/\/aeroclub-abbeville.fr\/wp-content\/uploads\/2017\/05\/Bull-Chipmeet2015-2-412x480.jpg 412w, http:\/\/aeroclub-abbeville.fr\/wp-content\/uploads\/2017\/05\/Bull-Chipmeet2015-2-624x727.jpg 624w, http:\/\/aeroclub-abbeville.fr\/wp-content\/uploads\/2017\/05\/Bull-Chipmeet2015-2.jpg 675w\" sizes=\"(max-width: 412px) 100vw, 412px\" \/><\/p>\n<p>&nbsp;<\/p>\n","protected":false},"excerpt":{"rendered":"<p>Les weekends de l&rsquo;Ascension et de la Pentec\u00f4te verront une forte activit\u00e9 sur notre a\u00e9rodrome: &#8211; le championnat de vol \u00e0 voile des hauts de France: entre 20 et 30 planeurs seront pr\u00e9sents et participeront aux \u00e9preuves organis\u00e9es chaque jour (si la m\u00e9t\u00e9o le permet) du 25 au 28 mai et du 3 au 5 [&hellip;]<\/p>\n","protected":false},"author":20,"featured_media":0,"comment_status":"closed","ping_status":"closed","sticky":false,"template":"","format":"standard","meta":{"inline_featured_image":false,"footnotes":""},"categories":[1],"tags":[],"class_list":["post-1641","post","type-post","status-publish","format-standard","hentry","category-non-classe"],"_links":{"self":[{"href":"http:\/\/aeroclub-abbeville.fr\/index.php?rest_route=\/wp\/v2\/posts\/1641","targetHints":{"allow":["GET"]}}],"collection":[{"href":"http:\/\/aeroclub-abbeville.fr\/index.php?rest_route=\/wp\/v2\/posts"}],"about":[{"href":"http:\/\/aeroclub-abbeville.fr\/index.php?rest_route=\/wp\/v2\/types\/post"}],"author":[{"embeddable":true,"href":"http:\/\/aeroclub-abbeville.fr\/index.php?rest_route=\/wp\/v2\/users\/20"}],"replies":[{"embeddable":true,"href":"http:\/\/aeroclub-abbeville.fr\/index.php?rest_route=%2Fwp%2Fv2%2Fcomments&post=1641"}],"version-history":[{"count":2,"href":"http:\/\/aeroclub-abbeville.fr\/index.php?rest_route=\/wp\/v2\/posts\/1641\/revisions"}],"predecessor-version":[{"id":1647,"href":"http:\/\/aeroclub-abbeville.fr\/index.php?rest_route=\/wp\/v2\/posts\/1641\/revisions\/1647"}],"wp:attachment":[{"href":"http:\/\/aeroclub-abbeville.fr\/index.php?rest_route=%2Fwp%2Fv2%2Fmedia&parent=1641"}],"wp:term":[{"taxonomy":"category","embeddable":true,"href":"http:\/\/aeroclub-abbeville.fr\/index.php?rest_route=%2Fwp%2Fv2%2Fcategories&post=1641"},{"taxonomy":"post_tag","embeddable":true,"href":"http:\/\/aeroclub-abbeville.fr\/index.php?rest_route=%2Fwp%2Fv2%2Ftags&post=1641"}],"curies":[{"name":"wp","href":"https:\/\/api.w.org\/{rel}","templated":true}]}}