{"id":1655,"date":"2017-06-07T09:36:54","date_gmt":"2017-06-07T08:36:54","guid":{"rendered":"http:\/\/aeroclub-abbeville.fr\/?p=1655"},"modified":"2017-06-07T09:36:54","modified_gmt":"2017-06-07T08:36:54","slug":"fin-des-championnats-de-hauts-de-france-2017","status":"publish","type":"post","link":"http:\/\/aeroclub-abbeville.fr\/?p=1655","title":{"rendered":"Fin des Championnats de Hauts de France 2017"},"content":{"rendered":"<p>Fin des championnats des Hauts de France<\/p>\n<p>Apres 7 jours de championnat et 4 \u00e9preuves dont deux valid\u00e9es, les premiers championnats des Hauts de France se sont achev\u00e9s ce lundi.<br \/>\nLes concurrents se sont battus sur deux AAT. C\u2019est Daan (Belgique) qui remporte les deux courses et qui se positionne donc \u00e0 la premi\u00e8re place de ce championnat r\u00e9gional des Hauts de France. Chez les Fran\u00e7ais nous retrouvons :<br \/>\n&#8211;\t1er Florent Clemence en Janus LILLE<br \/>\n&#8211;\t2\u00e8me Guillaume Fierain en Asw20 ABBEVILLE<br \/>\n&#8211;\t3\u00e8me Alain Thevenart en Ventus COMPIEGNE<br \/>\nDe plus, sur les 18 participants, 8 jeunes se sont battus pour le titre des moins de 25 ans. C\u2019est C\u00e9lestin Godard du club d\u2019Albert en p\u00e9gase qui remporte le titre en se classant \u00e0 la 5\u00e8me place au g\u00e9n\u00e9ral.<br \/>\nUn peu plus de discutions concernant la coupe des vaches. Lors de ces championnats, de nombreux planeurs ont fini dans les champs. Nous comptons plus de 28 vaches sur l\u2019ensemble du concours !<br \/>\nMais deux vaches ont d\u2019avantage marqu\u00e9 le championnat avec des retours des champs \u00e0 5h20 et 6h du matin. C\u2019est donc Peter de LILLE qui remporte le prix mais qui laisse sa voiture dans le champ ! =)<\/p>\n<p>Enfin,  nous souhaitons remercier tous les concurrents des clubs pour la r\u00e9ussite de cet \u00e9v\u00e9nement, leur bonne humeur et la bonne ambiance :<br \/>\n&#8211;\t Lille (Timoth\u00e9e, Florent, Peter et Nick)<br \/>\n&#8211;\tMaubeuge (Guillaume et Jean David),<br \/>\n&#8211;\tCompi\u00e8gne (Alain),<br \/>\n&#8211;\t Albert (C\u00e9lestin),<br \/>\n&#8211;\tNos amis belges (Daan et Geert)<br \/>\n&#8211;\tLes Abbevillois (Guillaume, Alexandre, Victor, Thibault, Enzo, Fred, Suzanne et Chlo\u00e9) <\/p>\n<p>Un grand merci au club de Lille, pour le remorqueur.<br \/>\nEnfin merci \u00e0 Agn\u00e8s, H\u00e9l\u00e8ne et minimoy, Olivier et Val\u00e9rie, Brigitte, Jennie, R\u00e9jane, Marie et Martine pour les repas de tous les jours. Nous avons super bien mang\u00e9 !<br \/>\nMerci \u00e9galement \u00e0 tout les b\u00e9n\u00e9voles du club d&rsquo;Abbeville du pr\u00e9sident aux jeunes pour accroch\u00e9 les planeurs en piste.<br \/>\nAbbeville est tr\u00e8s heureux d\u2019avoir fait ce championnat et \u00e0 l\u2019ann\u00e9e prochaine sur un autre terrain !<br \/>\n<img fetchpriority=\"high\" decoding=\"async\" src=\"http:\/\/aeroclub-abbeville.fr\/wp-content\/uploads\/2017\/06\/IMG_9986-480x320.jpg\" alt=\"IMG_9986\" width=\"480\" height=\"320\" class=\"alignnone size-medium wp-image-1656\" srcset=\"http:\/\/aeroclub-abbeville.fr\/wp-content\/uploads\/2017\/06\/IMG_9986-480x320.jpg 480w, http:\/\/aeroclub-abbeville.fr\/wp-content\/uploads\/2017\/06\/IMG_9986-768x512.jpg 768w, http:\/\/aeroclub-abbeville.fr\/wp-content\/uploads\/2017\/06\/IMG_9986-1024x683.jpg 1024w, http:\/\/aeroclub-abbeville.fr\/wp-content\/uploads\/2017\/06\/IMG_9986-624x416.jpg 624w\" sizes=\"(max-width: 480px) 100vw, 480px\" \/><\/p>\n","protected":false},"excerpt":{"rendered":"<p>Fin des championnats des Hauts de France Apres 7 jours de championnat et 4 \u00e9preuves dont deux valid\u00e9es, les premiers championnats des Hauts de France se sont achev\u00e9s ce lundi. Les concurrents se sont battus sur deux AAT. C\u2019est Daan (Belgique) qui remporte les deux courses et qui se positionne donc \u00e0 la premi\u00e8re place [&hellip;]<\/p>\n","protected":false},"author":4,"featured_media":0,"comment_status":"closed","ping_status":"closed","sticky":false,"template":"","format":"standard","meta":{"inline_featured_image":false,"footnotes":""},"categories":[1],"tags":[],"class_list":["post-1655","post","type-post","status-publish","format-standard","hentry","category-non-classe"],"_links":{"self":[{"href":"http:\/\/aeroclub-abbeville.fr\/index.php?rest_route=\/wp\/v2\/posts\/1655","targetHints":{"allow":["GET"]}}],"collection":[{"href":"http:\/\/aeroclub-abbeville.fr\/index.php?rest_route=\/wp\/v2\/posts"}],"about":[{"href":"http:\/\/aeroclub-abbeville.fr\/index.php?rest_route=\/wp\/v2\/types\/post"}],"author":[{"embeddable":true,"href":"http:\/\/aeroclub-abbeville.fr\/index.php?rest_route=\/wp\/v2\/users\/4"}],"replies":[{"embeddable":true,"href":"http:\/\/aeroclub-abbeville.fr\/index.php?rest_route=%2Fwp%2Fv2%2Fcomments&post=1655"}],"version-history":[{"count":1,"href":"http:\/\/aeroclub-abbeville.fr\/index.php?rest_route=\/wp\/v2\/posts\/1655\/revisions"}],"predecessor-version":[{"id":1657,"href":"http:\/\/aeroclub-abbeville.fr\/index.php?rest_route=\/wp\/v2\/posts\/1655\/revisions\/1657"}],"wp:attachment":[{"href":"http:\/\/aeroclub-abbeville.fr\/index.php?rest_route=%2Fwp%2Fv2%2Fmedia&parent=1655"}],"wp:term":[{"taxonomy":"category","embeddable":true,"href":"http:\/\/aeroclub-abbeville.fr\/index.php?rest_route=%2Fwp%2Fv2%2Fcategories&post=1655"},{"taxonomy":"post_tag","embeddable":true,"href":"http:\/\/aeroclub-abbeville.fr\/index.php?rest_route=%2Fwp%2Fv2%2Ftags&post=1655"}],"curies":[{"name":"wp","href":"https:\/\/api.w.org\/{rel}","templated":true}]}}