{"id":1659,"date":"2017-07-19T11:43:51","date_gmt":"2017-07-19T10:43:51","guid":{"rendered":"http:\/\/aeroclub-abbeville.fr\/?p=1659"},"modified":"2017-07-19T11:43:51","modified_gmt":"2017-07-19T10:43:51","slug":"stage-dete-troyes-2","status":"publish","type":"post","link":"http:\/\/aeroclub-abbeville.fr\/?p=1659","title":{"rendered":"Stage d&rsquo;\u00e9t\u00e9 Troyes"},"content":{"rendered":"<p>Comme chaque ann\u00e9e, les v\u00e9livoles Abbevillois se d\u00e9placent sur la plateforme de Troyes pour deux semaines.<br \/>\nDepuis le d\u00e9but du stage d\u00e9j\u00e0 beaucoup d\u2019\u00e9v\u00e9nements :<br \/>\nDeux nouvelles l\u00e2ch\u00e9es \u00c9lo\u00efse et H\u00e9l\u00e8ne !<br \/>\n<img fetchpriority=\"high\" decoding=\"async\" src=\"http:\/\/aeroclub-abbeville.fr\/wp-content\/uploads\/2017\/07\/20187587_10211818322205034_1659297350_n-480x360.jpg\" alt=\"20187587_10211818322205034_1659297350_n\" width=\"480\" height=\"360\" class=\"alignnone size-medium wp-image-1660\" srcset=\"http:\/\/aeroclub-abbeville.fr\/wp-content\/uploads\/2017\/07\/20187587_10211818322205034_1659297350_n-480x360.jpg 480w, http:\/\/aeroclub-abbeville.fr\/wp-content\/uploads\/2017\/07\/20187587_10211818322205034_1659297350_n-768x576.jpg 768w, http:\/\/aeroclub-abbeville.fr\/wp-content\/uploads\/2017\/07\/20187587_10211818322205034_1659297350_n-624x468.jpg 624w, http:\/\/aeroclub-abbeville.fr\/wp-content\/uploads\/2017\/07\/20187587_10211818322205034_1659297350_n.jpg 960w\" sizes=\"(max-width: 480px) 100vw, 480px\" \/><br \/>\n<img decoding=\"async\" src=\"http:\/\/aeroclub-abbeville.fr\/wp-content\/uploads\/2017\/07\/20179808_10211818317204909_1822070965_n-360x480.jpg\" alt=\"20179808_10211818317204909_1822070965_n\" width=\"360\" height=\"480\" class=\"alignnone size-medium wp-image-1661\" srcset=\"http:\/\/aeroclub-abbeville.fr\/wp-content\/uploads\/2017\/07\/20179808_10211818317204909_1822070965_n-360x480.jpg 360w, http:\/\/aeroclub-abbeville.fr\/wp-content\/uploads\/2017\/07\/20179808_10211818317204909_1822070965_n-624x832.jpg 624w, http:\/\/aeroclub-abbeville.fr\/wp-content\/uploads\/2017\/07\/20179808_10211818317204909_1822070965_n.jpg 720w\" sizes=\"(max-width: 360px) 100vw, 360px\" \/><br \/>\nLes vols de 5h de Nicolas et Quentin !<br \/>\nLe premier 300km pour d&rsquo;Alexandre !<br \/>\nEt ceci n&rsquo;est que le d\u00e9but du stage !<br \/>\n<img decoding=\"async\" src=\"http:\/\/aeroclub-abbeville.fr\/wp-content\/uploads\/2017\/07\/20197136_10211818320244985_1833104565_n-480x360.jpg\" alt=\"20197136_10211818320244985_1833104565_n\" width=\"480\" height=\"360\" class=\"alignnone size-medium wp-image-1662\" srcset=\"http:\/\/aeroclub-abbeville.fr\/wp-content\/uploads\/2017\/07\/20197136_10211818320244985_1833104565_n-480x360.jpg 480w, http:\/\/aeroclub-abbeville.fr\/wp-content\/uploads\/2017\/07\/20197136_10211818320244985_1833104565_n-768x576.jpg 768w, http:\/\/aeroclub-abbeville.fr\/wp-content\/uploads\/2017\/07\/20197136_10211818320244985_1833104565_n-624x468.jpg 624w, http:\/\/aeroclub-abbeville.fr\/wp-content\/uploads\/2017\/07\/20197136_10211818320244985_1833104565_n.jpg 960w\" sizes=\"(max-width: 480px) 100vw, 480px\" \/><br \/>\n<img loading=\"lazy\" decoding=\"async\" src=\"http:\/\/aeroclub-abbeville.fr\/wp-content\/uploads\/2017\/07\/20206442_987692198032723_1495822317_n-480x360.jpg\" alt=\"20206442_987692198032723_1495822317_n\" width=\"480\" height=\"360\" class=\"alignnone size-medium wp-image-1664\" \/><\/p>\n","protected":false},"excerpt":{"rendered":"<p>Comme chaque ann\u00e9e, les v\u00e9livoles Abbevillois se d\u00e9placent sur la plateforme de Troyes pour deux semaines. Depuis le d\u00e9but du stage d\u00e9j\u00e0 beaucoup d\u2019\u00e9v\u00e9nements : Deux nouvelles l\u00e2ch\u00e9es \u00c9lo\u00efse et H\u00e9l\u00e8ne ! Les vols de 5h de Nicolas et Quentin ! Le premier 300km pour d&rsquo;Alexandre ! Et ceci n&rsquo;est que le d\u00e9but du stage [&hellip;]<\/p>\n","protected":false},"author":4,"featured_media":0,"comment_status":"closed","ping_status":"closed","sticky":false,"template":"","format":"standard","meta":{"inline_featured_image":false,"footnotes":""},"categories":[1],"tags":[],"class_list":["post-1659","post","type-post","status-publish","format-standard","hentry","category-non-classe"],"_links":{"self":[{"href":"http:\/\/aeroclub-abbeville.fr\/index.php?rest_route=\/wp\/v2\/posts\/1659","targetHints":{"allow":["GET"]}}],"collection":[{"href":"http:\/\/aeroclub-abbeville.fr\/index.php?rest_route=\/wp\/v2\/posts"}],"about":[{"href":"http:\/\/aeroclub-abbeville.fr\/index.php?rest_route=\/wp\/v2\/types\/post"}],"author":[{"embeddable":true,"href":"http:\/\/aeroclub-abbeville.fr\/index.php?rest_route=\/wp\/v2\/users\/4"}],"replies":[{"embeddable":true,"href":"http:\/\/aeroclub-abbeville.fr\/index.php?rest_route=%2Fwp%2Fv2%2Fcomments&post=1659"}],"version-history":[{"count":4,"href":"http:\/\/aeroclub-abbeville.fr\/index.php?rest_route=\/wp\/v2\/posts\/1659\/revisions"}],"predecessor-version":[{"id":1667,"href":"http:\/\/aeroclub-abbeville.fr\/index.php?rest_route=\/wp\/v2\/posts\/1659\/revisions\/1667"}],"wp:attachment":[{"href":"http:\/\/aeroclub-abbeville.fr\/index.php?rest_route=%2Fwp%2Fv2%2Fmedia&parent=1659"}],"wp:term":[{"taxonomy":"category","embeddable":true,"href":"http:\/\/aeroclub-abbeville.fr\/index.php?rest_route=%2Fwp%2Fv2%2Fcategories&post=1659"},{"taxonomy":"post_tag","embeddable":true,"href":"http:\/\/aeroclub-abbeville.fr\/index.php?rest_route=%2Fwp%2Fv2%2Ftags&post=1659"}],"curies":[{"name":"wp","href":"https:\/\/api.w.org\/{rel}","templated":true}]}}