{"id":167,"date":"2013-05-20T19:18:22","date_gmt":"2013-05-20T18:18:22","guid":{"rendered":"http:\/\/web.aeroclub-abbeville.fr\/aeroclub\/?p=167"},"modified":"2013-05-20T19:18:22","modified_gmt":"2013-05-20T18:18:22","slug":"fin-du-concours-regional","status":"publish","type":"post","link":"http:\/\/aeroclub-abbeville.fr\/?p=167","title":{"rendered":"FIN&#8230; du Concours r\u00e9gional"},"content":{"rendered":"<p>Le concours r\u00e9gional Nord-Pas-de-Calais Picardie s\u2019est termin\u00e9 sous la pluie le Lundi de Pentec\u00f4te 2013.<br \/>\nMalgr\u00e9 une m\u00e9t\u00e9o peu engageante et difficile, deux \u00e9preuves ont pu \u00eatre r\u00e9alis\u00e9es sur ces huit jours de concours.<br \/>\nBien heureusement l&rsquo;ambiance \u00e9tait au rendez vous et a permis de faire passer ces longues heures pluvieuses.<br \/>\nA la fin de ce concours, Olivier Caudrelier (Abbevillois) \u00e0 tout de m\u00eame r\u00e9ussi \u00e0 garder son titre de Champion R\u00e9gional Nord-Pas-de-Calais Picardie. Mais celui ci a \u00e9t\u00e9 talonn\u00e9 de tr\u00e8s pr\u00e8s par Guillaume Dufrene de Maubeuge et Florent Cl\u00e9mence de Merville.<\/p>\n<p>Nous pouvons tout de m\u00eame dire que ces championnats ont \u00e9t\u00e9 une r\u00e9ussite au niveau de l&rsquo;organisation.<br \/>\nNous tenons donc \u00e0 remercier toute l&rsquo;\u00e9quipe du vol \u00e0 voile, Jean Jacques Monvoisin et son \u00e9quipe qui nous ont permis de profiter du confort de la nouvelle salle Michel Dor\u00e9.<br \/>\nDe plus, nous pouvons remercier Mathieu Caudrelier (directeur de comp\u00e9tition), Gr\u00e9goire Rouillon (pour le scoring), Vincent Peignot (pour les trackings), K\u00e9vin Hugo (pour la m\u00e9t\u00e9o), Fr\u00e9deric Peignot (pour les comptes), Thomas Fierain (pour la piste), Phillipe Chiossone (pour le remorqueur de Cambrai), Philippe Le Toulousin! (pour le FK9), Olivier Caudrelier (pour les heures qu&rsquo;il a pass\u00e9es au club), Olivier Raynaud (pour les polo et sweet Abbevillois!)<br \/>\nAinsi qu\u2019 Agn\u00e8s Peignot (et toute son \u00e9quipe: Martine, Marie-H\u00e9l\u00e9ne, Marie-Christine, Brigitte, Emmanuelle, Val\u00e9rie et Olivier) pour les repas qui ont \u00e9t\u00e9 pr\u00e9par\u00e9s quotidiennement.<\/p>\n<p>Merci \u00e0 tous d&rsquo;\u00eatre venus \u00e0 ce concours et \u00e0 l&rsquo;ann\u00e9e prochaine dans le NORD!<\/p>\n<p>&nbsp;<\/p>\n<p><embed type=\"application\/x-shockwave-flash\" src=\"https:\/\/picasaweb.google.com\/s\/c\/bin\/slideshow.swf\" width=\"400\" height=\"267\" flashvars=\"host=picasaweb.google.com&#038;hl=fr&#038;feat=flashalbum&#038;RGB=0x000000&#038;feed=https%3A%2F%2Fpicasaweb.google.com%2Fdata%2Ffeed%2Fapi%2Fuser%2F112727167357948829829%2Falbumid%2F5876660596975774657%3Falt%3Drss%26kind%3Dphoto%26hl%3Dfr\" pluginspage=\"http:\/\/www.macromedia.com\/go\/getflashplayer\"><\/embed><\/p>\n","protected":false},"excerpt":{"rendered":"<p>Le concours r\u00e9gional Nord-Pas-de-Calais Picardie s\u2019est termin\u00e9 sous la pluie le Lundi de Pentec\u00f4te 2013. Malgr\u00e9 une m\u00e9t\u00e9o peu engageante et difficile, deux \u00e9preuves ont pu \u00eatre r\u00e9alis\u00e9es sur ces huit jours de concours. Bien heureusement l&rsquo;ambiance \u00e9tait au rendez vous et a permis de faire passer ces longues heures pluvieuses. A la fin de [&hellip;]<\/p>\n","protected":false},"author":67,"featured_media":0,"comment_status":"open","ping_status":"open","sticky":false,"template":"","format":"standard","meta":{"inline_featured_image":false,"footnotes":""},"categories":[4,11,13,19],"tags":[],"class_list":["post-167","post","type-post","status-publish","format-standard","hentry","category-competitions","category-manifestations","category-planeur","category-vol-a-voile"],"_links":{"self":[{"href":"http:\/\/aeroclub-abbeville.fr\/index.php?rest_route=\/wp\/v2\/posts\/167","targetHints":{"allow":["GET"]}}],"collection":[{"href":"http:\/\/aeroclub-abbeville.fr\/index.php?rest_route=\/wp\/v2\/posts"}],"about":[{"href":"http:\/\/aeroclub-abbeville.fr\/index.php?rest_route=\/wp\/v2\/types\/post"}],"author":[{"embeddable":true,"href":"http:\/\/aeroclub-abbeville.fr\/index.php?rest_route=\/wp\/v2\/users\/67"}],"replies":[{"embeddable":true,"href":"http:\/\/aeroclub-abbeville.fr\/index.php?rest_route=%2Fwp%2Fv2%2Fcomments&post=167"}],"version-history":[{"count":0,"href":"http:\/\/aeroclub-abbeville.fr\/index.php?rest_route=\/wp\/v2\/posts\/167\/revisions"}],"wp:attachment":[{"href":"http:\/\/aeroclub-abbeville.fr\/index.php?rest_route=%2Fwp%2Fv2%2Fmedia&parent=167"}],"wp:term":[{"taxonomy":"category","embeddable":true,"href":"http:\/\/aeroclub-abbeville.fr\/index.php?rest_route=%2Fwp%2Fv2%2Fcategories&post=167"},{"taxonomy":"post_tag","embeddable":true,"href":"http:\/\/aeroclub-abbeville.fr\/index.php?rest_route=%2Fwp%2Fv2%2Ftags&post=167"}],"curies":[{"name":"wp","href":"https:\/\/api.w.org\/{rel}","templated":true}]}}