{"id":1676,"date":"2017-08-21T09:59:56","date_gmt":"2017-08-21T08:59:56","guid":{"rendered":"http:\/\/aeroclub-abbeville.fr\/?p=1676"},"modified":"2017-08-21T10:01:01","modified_gmt":"2017-08-21T09:01:01","slug":"championnat-de-france-junior-2017","status":"publish","type":"post","link":"http:\/\/aeroclub-abbeville.fr\/?p=1676","title":{"rendered":"Championnat de France Junior 2017"},"content":{"rendered":"<p><img fetchpriority=\"high\" decoding=\"async\" src=\"http:\/\/aeroclub-abbeville.fr\/wp-content\/uploads\/2017\/08\/20842184_10212090544210414_923849401116156492_n-480x270.jpg\" alt=\"20842184_10212090544210414_923849401116156492_n\" width=\"480\" height=\"270\" class=\"alignnone size-medium wp-image-1678\" srcset=\"http:\/\/aeroclub-abbeville.fr\/wp-content\/uploads\/2017\/08\/20842184_10212090544210414_923849401116156492_n-480x270.jpg 480w, http:\/\/aeroclub-abbeville.fr\/wp-content\/uploads\/2017\/08\/20842184_10212090544210414_923849401116156492_n-768x432.jpg 768w, http:\/\/aeroclub-abbeville.fr\/wp-content\/uploads\/2017\/08\/20842184_10212090544210414_923849401116156492_n-624x351.jpg 624w, http:\/\/aeroclub-abbeville.fr\/wp-content\/uploads\/2017\/08\/20842184_10212090544210414_923849401116156492_n.jpg 960w\" sizes=\"(max-width: 480px) 100vw, 480px\" \/><\/p>\n<p>Alexandre Fierain a repr\u00e9sent\u00e9 le club d\u2019Abbeville au championnat de France junior de Ch\u00e2lons en Champagne du 12 au 19 ao\u00fbt 2017.<br \/>\nMalgr\u00e9 une m\u00e9t\u00e9o tr\u00e8s capricieuse pour ce mois d\u2019ao\u00fbt, trois \u00e9preuves sur la semaine ont \u00e9t\u00e9 r\u00e9alis\u00e9es ce qui ne fait quand m\u00eame pas beaucoup !<br \/>\nApr\u00e8s une derni\u00e8re vache ce samedi, Alexandre finit 19\u00e8me sur les 28 concurrents venus de toute la France. <\/p>\n<p>F\u00e9licitations \u00e0 lui pour ce premier championnat de France et \u00e0 Francois Duvollet son d\u00e9panneur pour la semaine.<\/p>\n<p><img decoding=\"async\" src=\"http:\/\/aeroclub-abbeville.fr\/wp-content\/uploads\/2017\/08\/cdfj-480x394.png\" alt=\"cdfj\" width=\"480\" height=\"394\" class=\"alignnone size-medium wp-image-1677\" srcset=\"http:\/\/aeroclub-abbeville.fr\/wp-content\/uploads\/2017\/08\/cdfj-480x394.png 480w, http:\/\/aeroclub-abbeville.fr\/wp-content\/uploads\/2017\/08\/cdfj-768x631.png 768w, http:\/\/aeroclub-abbeville.fr\/wp-content\/uploads\/2017\/08\/cdfj-1024x842.png 1024w, http:\/\/aeroclub-abbeville.fr\/wp-content\/uploads\/2017\/08\/cdfj-624x513.png 624w, http:\/\/aeroclub-abbeville.fr\/wp-content\/uploads\/2017\/08\/cdfj.png 1083w\" sizes=\"(max-width: 480px) 100vw, 480px\" \/><\/p>\n<p>http:\/\/www.soaringspot.com\/fr\/france-junior-2017\/results\/club <\/p>\n","protected":false},"excerpt":{"rendered":"<p>Alexandre Fierain a repr\u00e9sent\u00e9 le club d\u2019Abbeville au championnat de France junior de Ch\u00e2lons en Champagne du 12 au 19 ao\u00fbt 2017. Malgr\u00e9 une m\u00e9t\u00e9o tr\u00e8s capricieuse pour ce mois d\u2019ao\u00fbt, trois \u00e9preuves sur la semaine ont \u00e9t\u00e9 r\u00e9alis\u00e9es ce qui ne fait quand m\u00eame pas beaucoup ! Apr\u00e8s une derni\u00e8re vache ce samedi, Alexandre [&hellip;]<\/p>\n","protected":false},"author":4,"featured_media":0,"comment_status":"closed","ping_status":"closed","sticky":false,"template":"","format":"standard","meta":{"inline_featured_image":false,"footnotes":""},"categories":[1],"tags":[],"class_list":["post-1676","post","type-post","status-publish","format-standard","hentry","category-non-classe"],"_links":{"self":[{"href":"http:\/\/aeroclub-abbeville.fr\/index.php?rest_route=\/wp\/v2\/posts\/1676","targetHints":{"allow":["GET"]}}],"collection":[{"href":"http:\/\/aeroclub-abbeville.fr\/index.php?rest_route=\/wp\/v2\/posts"}],"about":[{"href":"http:\/\/aeroclub-abbeville.fr\/index.php?rest_route=\/wp\/v2\/types\/post"}],"author":[{"embeddable":true,"href":"http:\/\/aeroclub-abbeville.fr\/index.php?rest_route=\/wp\/v2\/users\/4"}],"replies":[{"embeddable":true,"href":"http:\/\/aeroclub-abbeville.fr\/index.php?rest_route=%2Fwp%2Fv2%2Fcomments&post=1676"}],"version-history":[{"count":4,"href":"http:\/\/aeroclub-abbeville.fr\/index.php?rest_route=\/wp\/v2\/posts\/1676\/revisions"}],"predecessor-version":[{"id":1682,"href":"http:\/\/aeroclub-abbeville.fr\/index.php?rest_route=\/wp\/v2\/posts\/1676\/revisions\/1682"}],"wp:attachment":[{"href":"http:\/\/aeroclub-abbeville.fr\/index.php?rest_route=%2Fwp%2Fv2%2Fmedia&parent=1676"}],"wp:term":[{"taxonomy":"category","embeddable":true,"href":"http:\/\/aeroclub-abbeville.fr\/index.php?rest_route=%2Fwp%2Fv2%2Fcategories&post=1676"},{"taxonomy":"post_tag","embeddable":true,"href":"http:\/\/aeroclub-abbeville.fr\/index.php?rest_route=%2Fwp%2Fv2%2Ftags&post=1676"}],"curies":[{"name":"wp","href":"https:\/\/api.w.org\/{rel}","templated":true}]}}