{"id":1688,"date":"2017-09-06T17:12:06","date_gmt":"2017-09-06T16:12:06","guid":{"rendered":"http:\/\/aeroclub-abbeville.fr\/?p=1688"},"modified":"2017-09-06T17:12:06","modified_gmt":"2017-09-06T16:12:06","slug":"une-date-a-retenir","status":"publish","type":"post","link":"http:\/\/aeroclub-abbeville.fr\/?p=1688","title":{"rendered":"Une date \u00e0 retenir"},"content":{"rendered":"<p>Une date importante dans la vie de notre club: le samedi 30 septembre.<\/p>\n<p><img fetchpriority=\"high\" decoding=\"async\" class=\"alignnone size-full wp-image-1690\" src=\"http:\/\/aeroclub-abbeville.fr\/wp-content\/uploads\/2017\/09\/Portes-ouvertes.jpg\" alt=\"Portes ouvertes\" width=\"281\" height=\"282\" srcset=\"http:\/\/aeroclub-abbeville.fr\/wp-content\/uploads\/2017\/09\/Portes-ouvertes.jpg 281w, http:\/\/aeroclub-abbeville.fr\/wp-content\/uploads\/2017\/09\/Portes-ouvertes-150x150.jpg 150w\" sizes=\"(max-width: 281px) 100vw, 281px\" \/><\/p>\n<p>Toute la journ\u00e9e: portes ouvertes<\/p>\n<p>A 17h, pr\u00e9sentation de la nouvelle session du Brevet d&rsquo;initiation a\u00e9ronautique<\/p>\n<p>A 18h, remise des dipl\u00f4mes du BIA et des brevets de pilote en pr\u00e9sence des personnalit\u00e9s.<\/p>\n<p><img decoding=\"async\" class=\"alignnone size-full wp-image-1691\" src=\"http:\/\/aeroclub-abbeville.fr\/wp-content\/uploads\/2017\/09\/Remise-dipl\u00f4mes.jpg\" alt=\"Remise dipl\u00f4mes\" width=\"343\" height=\"307\" \/><\/p>\n<p>A 19h30, cocktail suivi de notre traditionnel repas.<\/p>\n<p><img decoding=\"async\" class=\"alignnone size-full wp-image-960\" src=\"http:\/\/aeroclub-abbeville.fr\/wp-content\/uploads\/2015\/03\/aperitfadrien.png\" alt=\"aperitfadrien\" width=\"300\" height=\"300\" srcset=\"http:\/\/aeroclub-abbeville.fr\/wp-content\/uploads\/2015\/03\/aperitfadrien.png 300w, http:\/\/aeroclub-abbeville.fr\/wp-content\/uploads\/2015\/03\/aperitfadrien-150x150.png 150w\" sizes=\"(max-width: 300px) 100vw, 300px\" \/><\/p>\n<p>Votre pr\u00e9sence est importante: nous comptons sur vous.<\/p>\n<p>Le menu sera communiqu\u00e9 dans quelques jours.<\/p>\n<p>Inscriptions pour le repas \u00e0l&rsquo;accueil.<\/p>\n","protected":false},"excerpt":{"rendered":"<p>Une date importante dans la vie de notre club: le samedi 30 septembre. Toute la journ\u00e9e: portes ouvertes A 17h, pr\u00e9sentation de la nouvelle session du Brevet d&rsquo;initiation a\u00e9ronautique A 18h, remise des dipl\u00f4mes du BIA et des brevets de pilote en pr\u00e9sence des personnalit\u00e9s. A 19h30, cocktail suivi de notre traditionnel repas. Votre pr\u00e9sence [&hellip;]<\/p>\n","protected":false},"author":20,"featured_media":0,"comment_status":"closed","ping_status":"closed","sticky":false,"template":"","format":"standard","meta":{"inline_featured_image":false,"footnotes":""},"categories":[1],"tags":[],"class_list":["post-1688","post","type-post","status-publish","format-standard","hentry","category-non-classe"],"_links":{"self":[{"href":"http:\/\/aeroclub-abbeville.fr\/index.php?rest_route=\/wp\/v2\/posts\/1688","targetHints":{"allow":["GET"]}}],"collection":[{"href":"http:\/\/aeroclub-abbeville.fr\/index.php?rest_route=\/wp\/v2\/posts"}],"about":[{"href":"http:\/\/aeroclub-abbeville.fr\/index.php?rest_route=\/wp\/v2\/types\/post"}],"author":[{"embeddable":true,"href":"http:\/\/aeroclub-abbeville.fr\/index.php?rest_route=\/wp\/v2\/users\/20"}],"replies":[{"embeddable":true,"href":"http:\/\/aeroclub-abbeville.fr\/index.php?rest_route=%2Fwp%2Fv2%2Fcomments&post=1688"}],"version-history":[{"count":2,"href":"http:\/\/aeroclub-abbeville.fr\/index.php?rest_route=\/wp\/v2\/posts\/1688\/revisions"}],"predecessor-version":[{"id":1692,"href":"http:\/\/aeroclub-abbeville.fr\/index.php?rest_route=\/wp\/v2\/posts\/1688\/revisions\/1692"}],"wp:attachment":[{"href":"http:\/\/aeroclub-abbeville.fr\/index.php?rest_route=%2Fwp%2Fv2%2Fmedia&parent=1688"}],"wp:term":[{"taxonomy":"category","embeddable":true,"href":"http:\/\/aeroclub-abbeville.fr\/index.php?rest_route=%2Fwp%2Fv2%2Fcategories&post=1688"},{"taxonomy":"post_tag","embeddable":true,"href":"http:\/\/aeroclub-abbeville.fr\/index.php?rest_route=%2Fwp%2Fv2%2Ftags&post=1688"}],"curies":[{"name":"wp","href":"https:\/\/api.w.org\/{rel}","templated":true}]}}