{"id":169,"date":"2013-05-09T19:21:40","date_gmt":"2013-05-09T18:21:40","guid":{"rendered":"http:\/\/web.aeroclub-abbeville.fr\/aeroclub\/?p=169"},"modified":"2013-05-09T19:21:40","modified_gmt":"2013-05-09T18:21:40","slug":"concours-regional-abbeville-2013","status":"publish","type":"post","link":"http:\/\/aeroclub-abbeville.fr\/?p=169","title":{"rendered":"Concours r\u00e9gional Abbeville 2013"},"content":{"rendered":"<p>Cette ann\u00e9e, Abbeville a l&rsquo;honneur d\u2019accueillir le 31\u00e9me concours r\u00e9gional Nord-Pas-de-Calais Picardie de vol \u00e0 voile. 22 planeurs ont r\u00e9pondu \u00e0 l&rsquo;appel cette ann\u00e9e. Malgr\u00e9, une m\u00e9t\u00e9o pour le moment peu cl\u00e9mente, les concurrents ont pu se disputer une \u00e9preuve de 188km jeudi. En esp\u00e9rant que la m\u00e9t\u00e9o s&rsquo;am\u00e9liore pour demain et le week-end prochain. vous pouvez suivre le concours sur http:\/\/www.soaringspot.com\/acr2013\/results\/<\/p>\n","protected":false},"excerpt":{"rendered":"<p>Cette ann\u00e9e, Abbeville a l&rsquo;honneur d\u2019accueillir le 31\u00e9me concours r\u00e9gional Nord-Pas-de-Calais Picardie de vol \u00e0 voile. 22 planeurs ont r\u00e9pondu \u00e0 l&rsquo;appel cette ann\u00e9e. Malgr\u00e9, une m\u00e9t\u00e9o pour le moment peu cl\u00e9mente, les concurrents ont pu se disputer une \u00e9preuve de 188km jeudi. En esp\u00e9rant que la m\u00e9t\u00e9o s&rsquo;am\u00e9liore pour demain et le week-end prochain. [&hellip;]<\/p>\n","protected":false},"author":67,"featured_media":0,"comment_status":"open","ping_status":"open","sticky":false,"template":"","format":"standard","meta":{"inline_featured_image":false,"footnotes":""},"categories":[4,11,13,19],"tags":[],"class_list":["post-169","post","type-post","status-publish","format-standard","hentry","category-competitions","category-manifestations","category-planeur","category-vol-a-voile"],"_links":{"self":[{"href":"http:\/\/aeroclub-abbeville.fr\/index.php?rest_route=\/wp\/v2\/posts\/169","targetHints":{"allow":["GET"]}}],"collection":[{"href":"http:\/\/aeroclub-abbeville.fr\/index.php?rest_route=\/wp\/v2\/posts"}],"about":[{"href":"http:\/\/aeroclub-abbeville.fr\/index.php?rest_route=\/wp\/v2\/types\/post"}],"author":[{"embeddable":true,"href":"http:\/\/aeroclub-abbeville.fr\/index.php?rest_route=\/wp\/v2\/users\/67"}],"replies":[{"embeddable":true,"href":"http:\/\/aeroclub-abbeville.fr\/index.php?rest_route=%2Fwp%2Fv2%2Fcomments&post=169"}],"version-history":[{"count":0,"href":"http:\/\/aeroclub-abbeville.fr\/index.php?rest_route=\/wp\/v2\/posts\/169\/revisions"}],"wp:attachment":[{"href":"http:\/\/aeroclub-abbeville.fr\/index.php?rest_route=%2Fwp%2Fv2%2Fmedia&parent=169"}],"wp:term":[{"taxonomy":"category","embeddable":true,"href":"http:\/\/aeroclub-abbeville.fr\/index.php?rest_route=%2Fwp%2Fv2%2Fcategories&post=169"},{"taxonomy":"post_tag","embeddable":true,"href":"http:\/\/aeroclub-abbeville.fr\/index.php?rest_route=%2Fwp%2Fv2%2Ftags&post=169"}],"curies":[{"name":"wp","href":"https:\/\/api.w.org\/{rel}","templated":true}]}}