{"id":171,"date":"2013-05-05T19:23:15","date_gmt":"2013-05-05T18:23:15","guid":{"rendered":"http:\/\/web.aeroclub-abbeville.fr\/aeroclub\/?p=171"},"modified":"2013-05-05T19:23:15","modified_gmt":"2013-05-05T18:23:15","slug":"journee-bia","status":"publish","type":"post","link":"http:\/\/aeroclub-abbeville.fr\/?p=171","title":{"rendered":"Journ\u00e9e BIA"},"content":{"rendered":"<p>20 jeunes et moins jeunes du BIA ont d\u00e9couvert le vol \u00e0 voile ce dimanche 5 mai 2013.<br \/>\nLors de cette journ\u00e9e, les jeunes ont eu une approche th\u00e9orique le matin sur le vol \u00e0 voile puis \u00e0 la suite d&rsquo;un repas convivial, ils ont pu faire leur bapt\u00eame de planeur.<br \/>\nCette journ\u00e9e leur a permis de d\u00e9couvrir notre passion et peut \u00eatre par la suite de s&rsquo;inscrire au vol \u00e0 voile.<\/p>\n<p><a title=\"img_4544.jpg\" href=\"http:\/\/wiki.aeroclub-abbeville.fr\/lib\/exe\/detail.php\/img_4544.jpg?id=Accueil\"><img decoding=\"async\" class=\"aligncenter\" alt=\"\" src=\"http:\/\/wiki.aeroclub-abbeville.fr\/lib\/exe\/fetch.php\/img_4544.jpg?w=450\" width=\"450\" \/><\/a><\/p>\n","protected":false},"excerpt":{"rendered":"<p>20 jeunes et moins jeunes du BIA ont d\u00e9couvert le vol \u00e0 voile ce dimanche 5 mai 2013. Lors de cette journ\u00e9e, les jeunes ont eu une approche th\u00e9orique le matin sur le vol \u00e0 voile puis \u00e0 la suite d&rsquo;un repas convivial, ils ont pu faire leur bapt\u00eame de planeur. Cette journ\u00e9e leur a [&hellip;]<\/p>\n","protected":false},"author":67,"featured_media":0,"comment_status":"open","ping_status":"open","sticky":false,"template":"","format":"standard","meta":{"inline_featured_image":false,"footnotes":""},"categories":[22,6,8,13,19],"tags":[],"class_list":["post-171","post","type-post","status-publish","format-standard","hentry","category-bia","category-formation","category-formation_planeur","category-planeur","category-vol-a-voile"],"_links":{"self":[{"href":"http:\/\/aeroclub-abbeville.fr\/index.php?rest_route=\/wp\/v2\/posts\/171","targetHints":{"allow":["GET"]}}],"collection":[{"href":"http:\/\/aeroclub-abbeville.fr\/index.php?rest_route=\/wp\/v2\/posts"}],"about":[{"href":"http:\/\/aeroclub-abbeville.fr\/index.php?rest_route=\/wp\/v2\/types\/post"}],"author":[{"embeddable":true,"href":"http:\/\/aeroclub-abbeville.fr\/index.php?rest_route=\/wp\/v2\/users\/67"}],"replies":[{"embeddable":true,"href":"http:\/\/aeroclub-abbeville.fr\/index.php?rest_route=%2Fwp%2Fv2%2Fcomments&post=171"}],"version-history":[{"count":0,"href":"http:\/\/aeroclub-abbeville.fr\/index.php?rest_route=\/wp\/v2\/posts\/171\/revisions"}],"wp:attachment":[{"href":"http:\/\/aeroclub-abbeville.fr\/index.php?rest_route=%2Fwp%2Fv2%2Fmedia&parent=171"}],"wp:term":[{"taxonomy":"category","embeddable":true,"href":"http:\/\/aeroclub-abbeville.fr\/index.php?rest_route=%2Fwp%2Fv2%2Fcategories&post=171"},{"taxonomy":"post_tag","embeddable":true,"href":"http:\/\/aeroclub-abbeville.fr\/index.php?rest_route=%2Fwp%2Fv2%2Ftags&post=171"}],"curies":[{"name":"wp","href":"https:\/\/api.w.org\/{rel}","templated":true}]}}