{"id":173,"date":"2013-05-04T19:25:11","date_gmt":"2013-05-04T18:25:11","guid":{"rendered":"http:\/\/web.aeroclub-abbeville.fr\/aeroclub\/?p=173"},"modified":"2013-05-04T19:25:11","modified_gmt":"2013-05-04T18:25:11","slug":"j-5-avant-le-concours","status":"publish","type":"post","link":"http:\/\/aeroclub-abbeville.fr\/?p=173","title":{"rendered":"J- 5 avant le concours!"},"content":{"rendered":"<p>Et oui, le concours arrive \u00e0 tr\u00e8s grands pas, nous sommes maintenant \u00e0 quelques jours du concours r\u00e9gional de vol \u00e0 voile Nord-Pas-de-Calais Picardie !<br \/>\nGrand nettoyage et installation en cours.<br \/>\nNous vous attendons tous pour le d\u00e9but des \u00e9preuves le mercredi 8 mai 2013!!<\/p>\n<p><a title=\"01052013911.jpg\" href=\"http:\/\/wiki.aeroclub-abbeville.fr\/lib\/exe\/detail.php\/01052013911.jpg?id=Accueil\"><img decoding=\"async\" class=\"aligncenter\" title=\"01052013911.jpg\" alt=\"01052013911.jpg\" src=\"http:\/\/wiki.aeroclub-abbeville.fr\/lib\/exe\/fetch.php\/01052013911.jpg?w=450\" width=\"450\" align=\"left\" \/><\/a><\/p>\n","protected":false},"excerpt":{"rendered":"<p>Et oui, le concours arrive \u00e0 tr\u00e8s grands pas, nous sommes maintenant \u00e0 quelques jours du concours r\u00e9gional de vol \u00e0 voile Nord-Pas-de-Calais Picardie ! Grand nettoyage et installation en cours. Nous vous attendons tous pour le d\u00e9but des \u00e9preuves le mercredi 8 mai 2013!!<\/p>\n","protected":false},"author":67,"featured_media":0,"comment_status":"open","ping_status":"open","sticky":false,"template":"","format":"standard","meta":{"inline_featured_image":false,"footnotes":""},"categories":[4,11,13,19],"tags":[],"class_list":["post-173","post","type-post","status-publish","format-standard","hentry","category-competitions","category-manifestations","category-planeur","category-vol-a-voile"],"_links":{"self":[{"href":"http:\/\/aeroclub-abbeville.fr\/index.php?rest_route=\/wp\/v2\/posts\/173","targetHints":{"allow":["GET"]}}],"collection":[{"href":"http:\/\/aeroclub-abbeville.fr\/index.php?rest_route=\/wp\/v2\/posts"}],"about":[{"href":"http:\/\/aeroclub-abbeville.fr\/index.php?rest_route=\/wp\/v2\/types\/post"}],"author":[{"embeddable":true,"href":"http:\/\/aeroclub-abbeville.fr\/index.php?rest_route=\/wp\/v2\/users\/67"}],"replies":[{"embeddable":true,"href":"http:\/\/aeroclub-abbeville.fr\/index.php?rest_route=%2Fwp%2Fv2%2Fcomments&post=173"}],"version-history":[{"count":0,"href":"http:\/\/aeroclub-abbeville.fr\/index.php?rest_route=\/wp\/v2\/posts\/173\/revisions"}],"wp:attachment":[{"href":"http:\/\/aeroclub-abbeville.fr\/index.php?rest_route=%2Fwp%2Fv2%2Fmedia&parent=173"}],"wp:term":[{"taxonomy":"category","embeddable":true,"href":"http:\/\/aeroclub-abbeville.fr\/index.php?rest_route=%2Fwp%2Fv2%2Fcategories&post=173"},{"taxonomy":"post_tag","embeddable":true,"href":"http:\/\/aeroclub-abbeville.fr\/index.php?rest_route=%2Fwp%2Fv2%2Ftags&post=173"}],"curies":[{"name":"wp","href":"https:\/\/api.w.org\/{rel}","templated":true}]}}