{"id":175,"date":"2013-05-01T19:28:31","date_gmt":"2013-05-01T18:28:31","guid":{"rendered":"http:\/\/web.aeroclub-abbeville.fr\/aeroclub\/?p=175"},"modified":"2013-05-01T19:28:31","modified_gmt":"2013-05-01T18:28:31","slug":"renouvellement-des-validites-dans-openflyers","status":"publish","type":"post","link":"http:\/\/aeroclub-abbeville.fr\/?p=175","title":{"rendered":"Renouvellement des validit\u00e9s dans OpenFlyers"},"content":{"rendered":"<p>Pensez \u00e0 communiquer \u00e0 Jean-Jacques, Jean-Pierre ou Philippe les nouvelles dates de validit\u00e9 des licences et certificats m\u00e9dicaux lors de leur renouvellement afin de pouvoir les mettre \u00e0 jour dans OpenFlyers.<br \/>\nVous pouvez le faire directement par mail \u00e0 l&rsquo;administrateur \u00e0 partir de la page d&rsquo;accueil OpenFlyers .<\/p>\n","protected":false},"excerpt":{"rendered":"<p>Pensez \u00e0 communiquer \u00e0 Jean-Jacques, Jean-Pierre ou Philippe les nouvelles dates de validit\u00e9 des licences et certificats m\u00e9dicaux lors de leur renouvellement afin de pouvoir les mettre \u00e0 jour dans OpenFlyers. Vous pouvez le faire directement par mail \u00e0 l&rsquo;administrateur \u00e0 partir de la page d&rsquo;accueil OpenFlyers .<\/p>\n","protected":false},"author":67,"featured_media":0,"comment_status":"open","ping_status":"open","sticky":false,"template":"","format":"standard","meta":{"inline_featured_image":false,"footnotes":""},"categories":[3,9],"tags":[],"class_list":["post-175","post","type-post","status-publish","format-standard","hentry","category-club","category-informatique"],"_links":{"self":[{"href":"http:\/\/aeroclub-abbeville.fr\/index.php?rest_route=\/wp\/v2\/posts\/175","targetHints":{"allow":["GET"]}}],"collection":[{"href":"http:\/\/aeroclub-abbeville.fr\/index.php?rest_route=\/wp\/v2\/posts"}],"about":[{"href":"http:\/\/aeroclub-abbeville.fr\/index.php?rest_route=\/wp\/v2\/types\/post"}],"author":[{"embeddable":true,"href":"http:\/\/aeroclub-abbeville.fr\/index.php?rest_route=\/wp\/v2\/users\/67"}],"replies":[{"embeddable":true,"href":"http:\/\/aeroclub-abbeville.fr\/index.php?rest_route=%2Fwp%2Fv2%2Fcomments&post=175"}],"version-history":[{"count":0,"href":"http:\/\/aeroclub-abbeville.fr\/index.php?rest_route=\/wp\/v2\/posts\/175\/revisions"}],"wp:attachment":[{"href":"http:\/\/aeroclub-abbeville.fr\/index.php?rest_route=%2Fwp%2Fv2%2Fmedia&parent=175"}],"wp:term":[{"taxonomy":"category","embeddable":true,"href":"http:\/\/aeroclub-abbeville.fr\/index.php?rest_route=%2Fwp%2Fv2%2Fcategories&post=175"},{"taxonomy":"post_tag","embeddable":true,"href":"http:\/\/aeroclub-abbeville.fr\/index.php?rest_route=%2Fwp%2Fv2%2Ftags&post=175"}],"curies":[{"name":"wp","href":"https:\/\/api.w.org\/{rel}","templated":true}]}}